{"id":14748,"date":"2026-02-25T12:37:33","date_gmt":"2026-02-25T12:37:33","guid":{"rendered":"https:\/\/interreg-comdur.eu\/perpinan-acoge-la-reunion-de-seguimiento-del-proyecto-comdur\/"},"modified":"2026-04-08T10:21:08","modified_gmt":"2026-04-08T10:21:08","slug":"perpignan-accueille-la-reunion-de-suivi-du-projet-comdur","status":"publish","type":"post","link":"https:\/\/interreg-comdur.eu\/fr\/perpignan-accueille-la-reunion-de-suivi-du-projet-comdur\/","title":{"rendered":"Perpignan accueille la r\u00e9union de suivi du projet COMDUR"},"content":{"rendered":"<div  class='avia-video avia-video-16-9   av-lazyload-immediate  av-lazyload-video-embed  '   itemprop=\"video\" itemtype=\"https:\/\/schema.org\/VideoObject\"  data-original_url='https:\/\/youtu.be\/IM-T_R8wOkU?si=ed5JkyGYLQwMc5uy' ><script type='text\/html' class='av-video-tmpl'><div class='avia-iframe-wrap'><iframe title=\"4 RENCONTRE COMDUR PERPIGNAN FR\" width=\"1500\" height=\"844\" src=\"https:\/\/www.youtube.com\/embed\/IM-T_R8wOkU?feature=oembed&autoplay=0&loop=0&controls=1&mute=0\" frameborder=\"0\" allow=\"accelerometer; autoplay; clipboard-write; encrypted-media; gyroscope; picture-in-picture; web-share\" referrerpolicy=\"strict-origin-when-cross-origin\" allowfullscreen><\/iframe><\/div><\/script><div class='av-click-to-play-overlay'><div class=\"avia_playpause_icon\"><\/div><\/div><\/div>\n<div class=\"flex_column av_one_full  flex_column_div av-zero-column-padding first  avia-builder-el-1  el_after_av_video  el_before_av_slideshow  \" style='border-radius:0px; '><section class=\"av_textblock_section \"  itemscope=\"itemscope\" itemtype=\"https:\/\/schema.org\/BlogPosting\" itemprop=\"blogPost\" ><div class='avia_textblock  '   itemprop=\"text\" ><p><strong>Perpignan accueille la r\u00e9union de suivi du projet COMDUR<\/strong><\/p>\n<p><strong>\u00a0<\/strong><\/p>\n<p><em>Les partenaires du projet ont analys\u00e9 la r\u00e9ponse des commerces aux autodiagnostics et le niveau d\u2019ex\u00e9cution du projet, qui vise la transformation durable du commerce local sur le territoire POCTEFA.<\/em><\/p>\n<p>Le projet europ\u00e9en COMDUR \u2013 Comercio Durable, financ\u00e9 par le programme Interreg POCTEFA, a tenu les 10 et 11 f\u00e9vrier 2026 \u00e0 Perpignan sa 4e Rencontre des partenaires et entit\u00e9s associ\u00e9es, un rendez-vous cl\u00e9 pour renforcer la coop\u00e9ration transfrontali\u00e8re en faveur du commerce local, de la durabilit\u00e9 et de l\u2019innovation territoriale. La rencontre a r\u00e9uni des repr\u00e9sentants d\u2019entit\u00e9s publiques, de chambres de commerce, d\u2019associations de commer\u00e7ants et des partenaires techniques du projet, afin de partager les avanc\u00e9es, analyser les r\u00e9sultats des actions pilotes et consolider la coordination du consortium.<\/p>\n<p>La journ\u00e9e du mardi 10 f\u00e9vrier s\u2019est tenue \u00e0 la Chambre de Commerce et d\u2019Industrie des Pyr\u00e9n\u00e9es-Orientales (CCI Pyr\u00e9n\u00e9es-Orientales), avec une ouverture institutionnelle assur\u00e9e par Sylvie Bonafos, vice-pr\u00e9sidente de la CCI et responsable du p\u00f4le Commerce, et Cyril Vanroye, directeur g\u00e9n\u00e9ral de l\u2019entit\u00e9. Les participants ont ensuite suivi un programme complet de visites d\u2019\u00e9tude, centr\u00e9 sur des initiatives exemplaires en mati\u00e8re de commerce durable, d\u2019\u00e9conomie circulaire et d\u2019inclusion sociale.<\/p>\n<p>Parmi les visites, figuraient un commerce sp\u00e9cialis\u00e9 dans la vente de v\u00eatements de seconde main, ainsi qu\u2019une boutique d\u2019<em>upcycling <\/em>textile qui, outre la commercialisation de pi\u00e8ces non customis\u00e9es, dispose d\u2019un atelier de couture interne, mettant en valeur l\u2019allongement de la dur\u00e9e de vie des produits. Les partenaires ont \u00e9galement visit\u00e9 un centre d\u2019insertion socioprofessionnelle d\u00e9di\u00e9 \u00e0 la r\u00e9cup\u00e9ration et \u00e0 la valorisation de produits de seconde main, dont l\u2019objectif est de promouvoir l\u2019inclusion sociale et l\u2019\u00e9conomie circulaire, en \u00e9vitant l\u2019enfouissement de ces produits et en facilitant leur r\u00e9introduction sur le march\u00e9.<\/p>\n<p>Le programme comprenait aussi la visite d\u2019une boutique sp\u00e9cialis\u00e9e dans la cr\u00e9ation de v\u00eatements \u00e0 partir de textiles anciens, dont certains \u00e2g\u00e9s de plus d\u2019un si\u00e8cle, avec un accent mis sur une approche fond\u00e9e sur la r\u00e9utilisation cr\u00e9ative de mat\u00e9riaux existants. Ces initiatives ont soulign\u00e9 la volont\u00e9 de r\u00e9duire la consommation d\u2019eau et de ressources naturelles, en \u00e9vitant la production de nouveaux textiles et en encourageant des mod\u00e8les de consommation plus durables.<\/p>\n<p>Les participants ont \u00e9galement tenu une r\u00e9union avec la F\u00e9d\u00e9ration Provinciale des Associations de Commer\u00e7ants des Pyr\u00e9n\u00e9es-Orientales, au cours de laquelle a \u00e9t\u00e9 pr\u00e9sent\u00e9 un projet de collecte de bouchons en li\u00e8ge, dont les fonds r\u00e9colt\u00e9s sont destin\u00e9s \u00e0 des initiatives durables.<\/p>\n<p>La journ\u00e9e s\u2019est conclue par un parcours et une visite de commerces le long de l\u2019axe commercial de la rue des Augustins, en collaboration avec le service Commerce de la Ville de Perpignan. La rue des Augustins constituait un p\u00f4le commercial majeur dans les ann\u00e9es 1980 ; elle est aujourd\u2019hui fortement d\u00e9grad\u00e9e, avec la majorit\u00e9 des locaux ferm\u00e9s. La Ville de Perpignan a acquis six locaux dans cette rue afin de proposer, via des appels \u00e0 projets, des loyers mod\u00e9r\u00e9s \u00e0 des commerces int\u00e9grant la durabilit\u00e9 comme axe transversal de leur activit\u00e9.<\/p>\n<p>Le mercredi 11 f\u00e9vrier, les sessions se sont concentr\u00e9es sur les aspects techniques et strat\u00e9giques du projet, en abordant les r\u00e9sultats des autodiagnostics r\u00e9alis\u00e9s par les partenaires, le suivi des itin\u00e9raires pilotes ainsi que la coordination financi\u00e8re et de gestion.<\/p>\n<p>Avec cette quatri\u00e8me rencontre, le projet COMDUR a renforc\u00e9 son engagement en faveur de l\u2019apprentissage partag\u00e9, du transfert de bonnes pratiques et du d\u00e9veloppement de solutions innovantes et durables pour le commerce de proximit\u00e9 dans l\u2019espace transfrontalier POCTEFA.<\/p>\n<p><u>Projet Interreg POCTEFA, COMDUR (<\/u><u>Commerce <\/u><u>Durable).<\/u><\/p>\n<p>COMDUR (Commerce Durable) est un projet cofinanc\u00e9 par l\u2019Union europ\u00e9enne dans le cadre du programme Interreg VI-A Espagne-France-Andorre POCTEFA 2021-2027, qui promeut la durabilit\u00e9 dans le commerce local de l\u2019espace POCTEFA. Gr\u00e2ce \u00e0 COMDUR, 650 commerces (200 en Guipuzcoa, 75 \u00e0 Pampelune, 100 \u00e0 Huesca, 20 \u00e0 Teruel, 50 \u00e0 Barcelone, 100 \u00e0 Toulouse et 105 dans les Pyr\u00e9n\u00e9es-Orientales) int\u00e9greront des actions durables dans leur activit\u00e9 quotidienne, am\u00e9liorant leur comp\u00e9titivit\u00e9 et r\u00e9duisant leur impact environnemental.<\/p>\n<p>L\u2019objectif de COMDUR est d\u2019accompagner les PME du commerce et leurs structures d\u2019appui (Chambres, Associations, Services Commerce des Villes) vers des mod\u00e8les entrepreneuriaux int\u00e9grant la durabilit\u00e9 au c\u0153ur du mod\u00e8le \u00e9conomique. Le projet vise \u00e0 y parvenir gr\u00e2ce \u00e0 une approche personnalis\u00e9e, \u00e9volutive et mentor\u00e9e avec le secteur, adapt\u00e9e au niveau de maturit\u00e9 de chaque PME, au moyen d\u2019un diagnostic initial suivi d\u2019un parcours personnalis\u00e9. L\u2019objectif est d\u2019agir sur la r\u00e9duction des d\u00e9chets, la promotion de la r\u00e9utilisation et du recyclage, l\u2019usage de certains mat\u00e9riaux plus durables, la valorisation des produits km 0, la cr\u00e9ation de valeur sur le cycle de vie des produits, la mobilit\u00e9 douce, la consommation responsable.<\/p>\n<p>\u00c0 l\u2019issue du projet, il est attendu qu\u2019une partie du secteur commercial des territoires partenaires soit engag\u00e9e dans un processus de transformation orient\u00e9 vers les objectifs de d\u00e9veloppement durable (ODD), afin de renforcer leur comp\u00e9titivit\u00e9. La coop\u00e9ration transfrontali\u00e8re est essentielle, en raison de l\u2019interd\u00e9pendance \u00e9conomique et commerciale existante.<\/p>\n<p><u>\u00a0<\/u><\/p>\n<\/div><\/section><\/div><div   data-size='featured_large'  data-lightbox_size='large'  data-animation='slide'  data-conditional_play=''  data-ids='14717,14722,14727,14732,14737,14742'  data-video_counter='0'  data-autoplay='false'  data-bg_slider='false'  data-slide_height=''  data-handle='av_slideshow'  data-interval='5'  data-class=' avia-builder-el-3  el_after_av_one_full  avia-builder-el-last  '  data-el_id=''  data-css_id=''  data-scroll_down=''  data-control_layout='av-control-default'  data-custom_markup=''  data-perma_caption=''  data-autoplay_stopper=''  data-image_attachment=''  data-min_height='0px'  data-default-height='42'  class='avia-slideshow avia-slideshow-1  av-control-default av-default-height-applied avia-slideshow-featured_large av_slideshow  avia-builder-el-3  el_after_av_one_full  avia-builder-el-last   avia-slide-slider '  itemprop=\"image\" itemscope=\"itemscope\" itemtype=\"https:\/\/schema.org\/ImageObject\" ><ul class='avia-slideshow-inner ' style='padding-bottom: 42%;' ><li  class=' slide-1 ' ><div data-rel='slideshow-1' class='avia-slide-wrap '   ><img src='https:\/\/interreg-comdur.eu\/wp-content\/uploads\/2026\/02\/Foto-3-1500x630.jpeg' width='1500' height='630' title='Foto 3' alt=''  itemprop=\"thumbnailUrl\"   \/><\/div><\/li><li  class=' slide-2 ' ><div data-rel='slideshow-1' class='avia-slide-wrap '   ><img src='https:\/\/interreg-comdur.eu\/wp-content\/uploads\/2026\/02\/Foto-2-1500x630.jpeg' width='1500' height='630' title='Foto 2' alt=''  itemprop=\"thumbnailUrl\"   \/><\/div><\/li><li  class=' slide-3 ' ><div data-rel='slideshow-1' class='avia-slide-wrap '   ><img src='https:\/\/interreg-comdur.eu\/wp-content\/uploads\/2026\/02\/Foto-1-1500x630.jpeg' width='1500' height='630' title='Foto 1' alt=''  itemprop=\"thumbnailUrl\"   \/><\/div><\/li><li  class=' slide-4 ' ><div data-rel='slideshow-1' class='avia-slide-wrap '   ><img src='https:\/\/interreg-comdur.eu\/wp-content\/uploads\/2026\/02\/Foto-6-1500x630.jpeg' width='1500' height='630' title='Foto 6' alt=''  itemprop=\"thumbnailUrl\"   \/><\/div><\/li><li  class=' slide-5 ' ><div data-rel='slideshow-1' class='avia-slide-wrap '   ><img src='https:\/\/interreg-comdur.eu\/wp-content\/uploads\/2026\/02\/Foto-5-1500x630.jpeg' width='1500' height='630' title='Foto 5' alt=''  itemprop=\"thumbnailUrl\"   \/><\/div><\/li><li  class=' slide-6 ' ><div data-rel='slideshow-1' class='avia-slide-wrap '   ><img src='https:\/\/interreg-comdur.eu\/wp-content\/uploads\/2026\/02\/Foto-4-1500x630.jpeg' width='1500' height='630' title='Foto 4' alt=''  itemprop=\"thumbnailUrl\"   \/><\/div><\/li><\/ul><div class='avia-slideshow-arrows avia-slideshow-controls'><a href='#prev' class='prev-slide' aria-hidden='true' data-av_icon='\ue87c' data-av_iconfont='entypo-fontello'>Pr\u00e9c\u00e9dent<\/a><a href='#next' class='next-slide' aria-hidden='true' data-av_icon='\ue87d' data-av_iconfont='entypo-fontello'>Suivant<\/a><\/div><div class='avia-slideshow-dots avia-slideshow-controls'><a href='#1' class='goto-slide active' >1<\/a><a href='#2' class='goto-slide ' >2<\/a><a href='#3' class='goto-slide ' >3<\/a><a href='#4' class='goto-slide ' >4<\/a><a href='#5' class='goto-slide ' >5<\/a><a href='#6' class='goto-slide ' >6<\/a><\/div><\/div><\/p>\n","protected":false},"excerpt":{"rendered":"","protected":false},"author":15,"featured_media":14783,"comment_status":"closed","ping_status":"closed","sticky":false,"template":"","format":"standard","meta":{"footnotes":""},"categories":[137],"tags":[],"class_list":["post-14748","post","type-post","status-publish","format-standard","has-post-thumbnail","hentry","category-news-fr"],"yoast_head":"<!-- This site is optimized with the Yoast SEO plugin v27.4 - https:\/\/yoast.com\/product\/yoast-seo-wordpress\/ -->\n<title>Perpignan accueille la r\u00e9union de suivi du projet COMDUR - Interreg | Comdur<\/title>\n<meta name=\"robots\" content=\"index, follow, max-snippet:-1, max-image-preview:large, max-video-preview:-1\" \/>\n<link rel=\"canonical\" href=\"https:\/\/interreg-comdur.eu\/fr\/perpignan-accueille-la-reunion-de-suivi-du-projet-comdur\/\" \/>\n<meta property=\"og:locale\" content=\"fr_FR\" \/>\n<meta property=\"og:type\" content=\"article\" \/>\n<meta property=\"og:title\" content=\"Perpignan accueille la r\u00e9union de suivi du projet COMDUR - Interreg | Comdur\" \/>\n<meta property=\"og:url\" content=\"https:\/\/interreg-comdur.eu\/fr\/perpignan-accueille-la-reunion-de-suivi-du-projet-comdur\/\" \/>\n<meta property=\"og:site_name\" content=\"Interreg | Comdur\" \/>\n<meta property=\"article:published_time\" content=\"2026-02-25T12:37:33+00:00\" \/>\n<meta property=\"article:modified_time\" content=\"2026-04-08T10:21:08+00:00\" \/>\n<meta property=\"og:image\" content=\"https:\/\/interreg-comdur.eu\/wp-content\/uploads\/2026\/02\/Reunion-Perpinan-scaled.jpeg\" \/>\n\t<meta property=\"og:image:width\" content=\"1365\" \/>\n\t<meta property=\"og:image:height\" content=\"1024\" \/>\n\t<meta property=\"og:image:type\" content=\"image\/jpeg\" \/>\n<meta name=\"author\" content=\"Beatriz Gonz\u00e1lez Amandi\" \/>\n<meta name=\"twitter:card\" content=\"summary_large_image\" \/>\n<meta name=\"twitter:label1\" content=\"\u00c9crit par\" \/>\n\t<meta name=\"twitter:data1\" content=\"Beatriz Gonz\u00e1lez Amandi\" \/>\n\t<meta name=\"twitter:label2\" content=\"Dur\u00e9e de lecture estim\u00e9e\" \/>\n\t<meta name=\"twitter:data2\" content=\"5 minutes\" \/>\n<script type=\"application\/ld+json\" class=\"yoast-schema-graph\">{\"@context\":\"https:\\\/\\\/schema.org\",\"@graph\":[{\"@type\":\"Article\",\"@id\":\"https:\\\/\\\/interreg-comdur.eu\\\/fr\\\/perpignan-accueille-la-reunion-de-suivi-du-projet-comdur\\\/#article\",\"isPartOf\":{\"@id\":\"https:\\\/\\\/interreg-comdur.eu\\\/fr\\\/perpignan-accueille-la-reunion-de-suivi-du-projet-comdur\\\/\"},\"author\":{\"name\":\"Beatriz Gonz\u00e1lez Amandi\",\"@id\":\"https:\\\/\\\/interreg-comdur.eu\\\/fr\\\/#\\\/schema\\\/person\\\/932685282b6d23f72e54a190481efa4f\"},\"headline\":\"Perpignan accueille la r\u00e9union de suivi du projet COMDUR\",\"datePublished\":\"2026-02-25T12:37:33+00:00\",\"dateModified\":\"2026-04-08T10:21:08+00:00\",\"mainEntityOfPage\":{\"@id\":\"https:\\\/\\\/interreg-comdur.eu\\\/fr\\\/perpignan-accueille-la-reunion-de-suivi-du-projet-comdur\\\/\"},\"wordCount\":1574,\"image\":{\"@id\":\"https:\\\/\\\/interreg-comdur.eu\\\/fr\\\/perpignan-accueille-la-reunion-de-suivi-du-projet-comdur\\\/#primaryimage\"},\"thumbnailUrl\":\"https:\\\/\\\/interreg-comdur.eu\\\/wp-content\\\/uploads\\\/2026\\\/02\\\/Reunion-Perpinan-scaled.jpeg\",\"articleSection\":[\"News\"],\"inLanguage\":\"fr-FR\"},{\"@type\":\"WebPage\",\"@id\":\"https:\\\/\\\/interreg-comdur.eu\\\/fr\\\/perpignan-accueille-la-reunion-de-suivi-du-projet-comdur\\\/\",\"url\":\"https:\\\/\\\/interreg-comdur.eu\\\/fr\\\/perpignan-accueille-la-reunion-de-suivi-du-projet-comdur\\\/\",\"name\":\"Perpignan accueille la r\u00e9union de suivi du projet COMDUR - Interreg | Comdur\",\"isPartOf\":{\"@id\":\"https:\\\/\\\/interreg-comdur.eu\\\/fr\\\/#website\"},\"primaryImageOfPage\":{\"@id\":\"https:\\\/\\\/interreg-comdur.eu\\\/fr\\\/perpignan-accueille-la-reunion-de-suivi-du-projet-comdur\\\/#primaryimage\"},\"image\":{\"@id\":\"https:\\\/\\\/interreg-comdur.eu\\\/fr\\\/perpignan-accueille-la-reunion-de-suivi-du-projet-comdur\\\/#primaryimage\"},\"thumbnailUrl\":\"https:\\\/\\\/interreg-comdur.eu\\\/wp-content\\\/uploads\\\/2026\\\/02\\\/Reunion-Perpinan-scaled.jpeg\",\"datePublished\":\"2026-02-25T12:37:33+00:00\",\"dateModified\":\"2026-04-08T10:21:08+00:00\",\"author\":{\"@id\":\"https:\\\/\\\/interreg-comdur.eu\\\/fr\\\/#\\\/schema\\\/person\\\/932685282b6d23f72e54a190481efa4f\"},\"breadcrumb\":{\"@id\":\"https:\\\/\\\/interreg-comdur.eu\\\/fr\\\/perpignan-accueille-la-reunion-de-suivi-du-projet-comdur\\\/#breadcrumb\"},\"inLanguage\":\"fr-FR\",\"potentialAction\":[{\"@type\":\"ReadAction\",\"target\":[\"https:\\\/\\\/interreg-comdur.eu\\\/fr\\\/perpignan-accueille-la-reunion-de-suivi-du-projet-comdur\\\/\"]}]},{\"@type\":\"ImageObject\",\"inLanguage\":\"fr-FR\",\"@id\":\"https:\\\/\\\/interreg-comdur.eu\\\/fr\\\/perpignan-accueille-la-reunion-de-suivi-du-projet-comdur\\\/#primaryimage\",\"url\":\"https:\\\/\\\/interreg-comdur.eu\\\/wp-content\\\/uploads\\\/2026\\\/02\\\/Reunion-Perpinan-scaled.jpeg\",\"contentUrl\":\"https:\\\/\\\/interreg-comdur.eu\\\/wp-content\\\/uploads\\\/2026\\\/02\\\/Reunion-Perpinan-scaled.jpeg\",\"width\":1365,\"height\":1024},{\"@type\":\"BreadcrumbList\",\"@id\":\"https:\\\/\\\/interreg-comdur.eu\\\/fr\\\/perpignan-accueille-la-reunion-de-suivi-du-projet-comdur\\\/#breadcrumb\",\"itemListElement\":[{\"@type\":\"ListItem\",\"position\":1,\"name\":\"Portada\",\"item\":\"https:\\\/\\\/interreg-comdur.eu\\\/fr\\\/\"},{\"@type\":\"ListItem\",\"position\":2,\"name\":\"Perpignan accueille la r\u00e9union de suivi du projet COMDUR\"}]},{\"@type\":\"WebSite\",\"@id\":\"https:\\\/\\\/interreg-comdur.eu\\\/fr\\\/#website\",\"url\":\"https:\\\/\\\/interreg-comdur.eu\\\/fr\\\/\",\"name\":\"Interreg | Comdur\",\"description\":\"Interreg | Comdur\",\"potentialAction\":[{\"@type\":\"SearchAction\",\"target\":{\"@type\":\"EntryPoint\",\"urlTemplate\":\"https:\\\/\\\/interreg-comdur.eu\\\/fr\\\/?s={search_term_string}\"},\"query-input\":{\"@type\":\"PropertyValueSpecification\",\"valueRequired\":true,\"valueName\":\"search_term_string\"}}],\"inLanguage\":\"fr-FR\"},{\"@type\":\"Person\",\"@id\":\"https:\\\/\\\/interreg-comdur.eu\\\/fr\\\/#\\\/schema\\\/person\\\/932685282b6d23f72e54a190481efa4f\",\"name\":\"Beatriz Gonz\u00e1lez Amandi\",\"image\":{\"@type\":\"ImageObject\",\"inLanguage\":\"fr-FR\",\"@id\":\"https:\\\/\\\/secure.gravatar.com\\\/avatar\\\/f885571afcf2972f981b19275f51214d8d54ef89962ad79414d454f4d4aa7ddf?s=96&d=mm&r=g\",\"url\":\"https:\\\/\\\/secure.gravatar.com\\\/avatar\\\/f885571afcf2972f981b19275f51214d8d54ef89962ad79414d454f4d4aa7ddf?s=96&d=mm&r=g\",\"contentUrl\":\"https:\\\/\\\/secure.gravatar.com\\\/avatar\\\/f885571afcf2972f981b19275f51214d8d54ef89962ad79414d454f4d4aa7ddf?s=96&d=mm&r=g\",\"caption\":\"Beatriz Gonz\u00e1lez Amandi\"},\"url\":\"https:\\\/\\\/interreg-comdur.eu\\\/fr\\\/author\\\/beatriz-gonzalez-amandi\\\/\"}]}<\/script>\n<!-- \/ Yoast SEO plugin. -->","yoast_head_json":{"title":"Perpignan accueille la r\u00e9union de suivi du projet COMDUR - Interreg | Comdur","robots":{"index":"index","follow":"follow","max-snippet":"max-snippet:-1","max-image-preview":"max-image-preview:large","max-video-preview":"max-video-preview:-1"},"canonical":"https:\/\/interreg-comdur.eu\/fr\/perpignan-accueille-la-reunion-de-suivi-du-projet-comdur\/","og_locale":"fr_FR","og_type":"article","og_title":"Perpignan accueille la r\u00e9union de suivi du projet COMDUR - Interreg | Comdur","og_url":"https:\/\/interreg-comdur.eu\/fr\/perpignan-accueille-la-reunion-de-suivi-du-projet-comdur\/","og_site_name":"Interreg | Comdur","article_published_time":"2026-02-25T12:37:33+00:00","article_modified_time":"2026-04-08T10:21:08+00:00","og_image":[{"width":1365,"height":1024,"url":"https:\/\/interreg-comdur.eu\/wp-content\/uploads\/2026\/02\/Reunion-Perpinan-scaled.jpeg","type":"image\/jpeg"}],"author":"Beatriz Gonz\u00e1lez Amandi","twitter_card":"summary_large_image","twitter_misc":{"\u00c9crit par":"Beatriz Gonz\u00e1lez Amandi","Dur\u00e9e de lecture estim\u00e9e":"5 minutes"},"schema":{"@context":"https:\/\/schema.org","@graph":[{"@type":"Article","@id":"https:\/\/interreg-comdur.eu\/fr\/perpignan-accueille-la-reunion-de-suivi-du-projet-comdur\/#article","isPartOf":{"@id":"https:\/\/interreg-comdur.eu\/fr\/perpignan-accueille-la-reunion-de-suivi-du-projet-comdur\/"},"author":{"name":"Beatriz Gonz\u00e1lez Amandi","@id":"https:\/\/interreg-comdur.eu\/fr\/#\/schema\/person\/932685282b6d23f72e54a190481efa4f"},"headline":"Perpignan accueille la r\u00e9union de suivi du projet COMDUR","datePublished":"2026-02-25T12:37:33+00:00","dateModified":"2026-04-08T10:21:08+00:00","mainEntityOfPage":{"@id":"https:\/\/interreg-comdur.eu\/fr\/perpignan-accueille-la-reunion-de-suivi-du-projet-comdur\/"},"wordCount":1574,"image":{"@id":"https:\/\/interreg-comdur.eu\/fr\/perpignan-accueille-la-reunion-de-suivi-du-projet-comdur\/#primaryimage"},"thumbnailUrl":"https:\/\/interreg-comdur.eu\/wp-content\/uploads\/2026\/02\/Reunion-Perpinan-scaled.jpeg","articleSection":["News"],"inLanguage":"fr-FR"},{"@type":"WebPage","@id":"https:\/\/interreg-comdur.eu\/fr\/perpignan-accueille-la-reunion-de-suivi-du-projet-comdur\/","url":"https:\/\/interreg-comdur.eu\/fr\/perpignan-accueille-la-reunion-de-suivi-du-projet-comdur\/","name":"Perpignan accueille la r\u00e9union de suivi du projet COMDUR - Interreg | Comdur","isPartOf":{"@id":"https:\/\/interreg-comdur.eu\/fr\/#website"},"primaryImageOfPage":{"@id":"https:\/\/interreg-comdur.eu\/fr\/perpignan-accueille-la-reunion-de-suivi-du-projet-comdur\/#primaryimage"},"image":{"@id":"https:\/\/interreg-comdur.eu\/fr\/perpignan-accueille-la-reunion-de-suivi-du-projet-comdur\/#primaryimage"},"thumbnailUrl":"https:\/\/interreg-comdur.eu\/wp-content\/uploads\/2026\/02\/Reunion-Perpinan-scaled.jpeg","datePublished":"2026-02-25T12:37:33+00:00","dateModified":"2026-04-08T10:21:08+00:00","author":{"@id":"https:\/\/interreg-comdur.eu\/fr\/#\/schema\/person\/932685282b6d23f72e54a190481efa4f"},"breadcrumb":{"@id":"https:\/\/interreg-comdur.eu\/fr\/perpignan-accueille-la-reunion-de-suivi-du-projet-comdur\/#breadcrumb"},"inLanguage":"fr-FR","potentialAction":[{"@type":"ReadAction","target":["https:\/\/interreg-comdur.eu\/fr\/perpignan-accueille-la-reunion-de-suivi-du-projet-comdur\/"]}]},{"@type":"ImageObject","inLanguage":"fr-FR","@id":"https:\/\/interreg-comdur.eu\/fr\/perpignan-accueille-la-reunion-de-suivi-du-projet-comdur\/#primaryimage","url":"https:\/\/interreg-comdur.eu\/wp-content\/uploads\/2026\/02\/Reunion-Perpinan-scaled.jpeg","contentUrl":"https:\/\/interreg-comdur.eu\/wp-content\/uploads\/2026\/02\/Reunion-Perpinan-scaled.jpeg","width":1365,"height":1024},{"@type":"BreadcrumbList","@id":"https:\/\/interreg-comdur.eu\/fr\/perpignan-accueille-la-reunion-de-suivi-du-projet-comdur\/#breadcrumb","itemListElement":[{"@type":"ListItem","position":1,"name":"Portada","item":"https:\/\/interreg-comdur.eu\/fr\/"},{"@type":"ListItem","position":2,"name":"Perpignan accueille la r\u00e9union de suivi du projet COMDUR"}]},{"@type":"WebSite","@id":"https:\/\/interreg-comdur.eu\/fr\/#website","url":"https:\/\/interreg-comdur.eu\/fr\/","name":"Interreg | Comdur","description":"Interreg | Comdur","potentialAction":[{"@type":"SearchAction","target":{"@type":"EntryPoint","urlTemplate":"https:\/\/interreg-comdur.eu\/fr\/?s={search_term_string}"},"query-input":{"@type":"PropertyValueSpecification","valueRequired":true,"valueName":"search_term_string"}}],"inLanguage":"fr-FR"},{"@type":"Person","@id":"https:\/\/interreg-comdur.eu\/fr\/#\/schema\/person\/932685282b6d23f72e54a190481efa4f","name":"Beatriz Gonz\u00e1lez Amandi","image":{"@type":"ImageObject","inLanguage":"fr-FR","@id":"https:\/\/secure.gravatar.com\/avatar\/f885571afcf2972f981b19275f51214d8d54ef89962ad79414d454f4d4aa7ddf?s=96&d=mm&r=g","url":"https:\/\/secure.gravatar.com\/avatar\/f885571afcf2972f981b19275f51214d8d54ef89962ad79414d454f4d4aa7ddf?s=96&d=mm&r=g","contentUrl":"https:\/\/secure.gravatar.com\/avatar\/f885571afcf2972f981b19275f51214d8d54ef89962ad79414d454f4d4aa7ddf?s=96&d=mm&r=g","caption":"Beatriz Gonz\u00e1lez Amandi"},"url":"https:\/\/interreg-comdur.eu\/fr\/author\/beatriz-gonzalez-amandi\/"}]}},"_links":{"self":[{"href":"https:\/\/interreg-comdur.eu\/fr\/wp-json\/wp\/v2\/posts\/14748","targetHints":{"allow":["GET"]}}],"collection":[{"href":"https:\/\/interreg-comdur.eu\/fr\/wp-json\/wp\/v2\/posts"}],"about":[{"href":"https:\/\/interreg-comdur.eu\/fr\/wp-json\/wp\/v2\/types\/post"}],"author":[{"embeddable":true,"href":"https:\/\/interreg-comdur.eu\/fr\/wp-json\/wp\/v2\/users\/15"}],"replies":[{"embeddable":true,"href":"https:\/\/interreg-comdur.eu\/fr\/wp-json\/wp\/v2\/comments?post=14748"}],"version-history":[{"count":8,"href":"https:\/\/interreg-comdur.eu\/fr\/wp-json\/wp\/v2\/posts\/14748\/revisions"}],"predecessor-version":[{"id":14782,"href":"https:\/\/interreg-comdur.eu\/fr\/wp-json\/wp\/v2\/posts\/14748\/revisions\/14782"}],"wp:featuredmedia":[{"embeddable":true,"href":"https:\/\/interreg-comdur.eu\/fr\/wp-json\/wp\/v2\/media\/14783"}],"wp:attachment":[{"href":"https:\/\/interreg-comdur.eu\/fr\/wp-json\/wp\/v2\/media?parent=14748"}],"wp:term":[{"taxonomy":"category","embeddable":true,"href":"https:\/\/interreg-comdur.eu\/fr\/wp-json\/wp\/v2\/categories?post=14748"},{"taxonomy":"post_tag","embeddable":true,"href":"https:\/\/interreg-comdur.eu\/fr\/wp-json\/wp\/v2\/tags?post=14748"}],"curies":[{"name":"wp","href":"https:\/\/api.w.org\/{rel}","templated":true}]}}