{"id":14773,"date":"2026-04-08T10:01:54","date_gmt":"2026-04-08T10:01:54","guid":{"rendered":"https:\/\/interreg-comdur.eu\/el-proyecto-comdur-amplia-su-duracion-hasta-septiembre-de-2026\/"},"modified":"2026-04-08T10:16:42","modified_gmt":"2026-04-08T10:16:42","slug":"le-projet-comdur-prolonge-sa-duree-jusquen-septembre-2026","status":"publish","type":"post","link":"https:\/\/interreg-comdur.eu\/fr\/le-projet-comdur-prolonge-sa-duree-jusquen-septembre-2026\/","title":{"rendered":"Le projet COMDUR prolonge sa dur\u00e9e jusqu\u2019en septembre 2026 afin de renforcer ses r\u00e9sultats"},"content":{"rendered":"<div  class='avia-image-container  av-styling-    avia-builder-el-0  el_before_av_one_full  avia-builder-el-first  avia-align-center '  itemprop=\"image\" itemscope=\"itemscope\" itemtype=\"https:\/\/schema.org\/ImageObject\"  ><div class='avia-image-container-inner'><div class='avia-image-overlay-wrap'><img class='avia_image' src='https:\/\/interreg-comdur.eu\/wp-content\/uploads\/2026\/04\/COMDUR-se-prorroga-hasta-el-30-de-septiembre-1-1030x538.png' alt='' title='Le projet COMDUR prolonge sa dur\u00e9e jusqu\u2019en septembre 2026 afin de renforcer ses r\u00e9sultats' height=\"538\" width=\"1030\"  itemprop=\"thumbnailUrl\"  \/><\/div><\/div><\/div>\n<div class=\"flex_column av_one_full  flex_column_div av-zero-column-padding first  avia-builder-el-1  el_after_av_image  avia-builder-el-last  \" style='border-radius:0px; '><section class=\"av_textblock_section \"  itemscope=\"itemscope\" itemtype=\"https:\/\/schema.org\/BlogPosting\" itemprop=\"blogPost\" ><div class='avia_textblock  '   itemprop=\"text\" ><p><strong>Le projet COMDUR prolonge sa dur\u00e9e jusqu\u2019en septembre 2026 afin de renforcer ses r\u00e9sultats<\/strong><\/p>\n<p><em>L\u2019extension du projet renforce la coop\u00e9ration transfrontali\u00e8re et \u00e9largit la port\u00e9e de ses r\u00e9sultats.<\/em><\/p>\n<p>Le projet europ\u00e9en COMDUR \u2013 Commerce Durable, financ\u00e9 par le programme Interreg POCTEFA, a obtenu une prolongation de sa p\u00e9riode d\u2019ex\u00e9cution jusqu\u2019au 30 septembre 2026, ce qui permettra de consolider et d\u2019\u00e9largir les r\u00e9sultats obtenus \u00e0 ce jour.<\/p>\n<p>Cette extension du projet repr\u00e9sente une opportunit\u00e9 cl\u00e9 pour intensifier le travail avec les territoires participants, notamment dans le d\u00e9veloppement des autodiagnostics destin\u00e9s au commerce local, outil fondamental pour identifier les besoins, d\u00e9tecter les opportunit\u00e9s d\u2019am\u00e9lioration et concevoir des parcours d\u2019accompagnement adapt\u00e9s.<\/p>\n<p>Par ailleurs, l\u2019\u00e9largissement du calendrier facilitera l\u2019\u00e9change d\u2019un plus grand nombre de bonnes pratiques entre les partenaires du projet, renfor\u00e7ant la dimension transfrontali\u00e8re de COMDUR et sa capacit\u00e9 \u00e0 g\u00e9n\u00e9rer des solutions innovantes dans des domaines tels que la durabilit\u00e9, la digitalisation et la dynamisation du commerce de proximit\u00e9.<\/p>\n<p>Gr\u00e2ce \u00e0 cette prolongation, le consortium pourra approfondir les actions pilotes d\u00e9j\u00e0 engag\u00e9es, \u00e9tendre son impact sur le tissu commercial et poursuivre la construction d\u2019un mod\u00e8le plus r\u00e9silient, durable et inclusif pour le commerce dans l\u2019espace POCTEFA.<\/p>\n<\/div><\/section><\/div>\n","protected":false},"excerpt":{"rendered":"","protected":false},"author":15,"featured_media":14776,"comment_status":"closed","ping_status":"closed","sticky":false,"template":"","format":"standard","meta":{"footnotes":""},"categories":[137],"tags":[],"class_list":["post-14773","post","type-post","status-publish","format-standard","has-post-thumbnail","hentry","category-news-fr"],"yoast_head":"<!-- This site is optimized with the Yoast SEO plugin v27.4 - https:\/\/yoast.com\/product\/yoast-seo-wordpress\/ -->\n<title>Le projet COMDUR prolonge sa dur\u00e9e jusqu\u2019en septembre 2026 afin de renforcer ses r\u00e9sultats - Interreg | Comdur<\/title>\n<meta name=\"robots\" content=\"index, follow, max-snippet:-1, max-image-preview:large, max-video-preview:-1\" \/>\n<link rel=\"canonical\" href=\"https:\/\/interreg-comdur.eu\/fr\/le-projet-comdur-prolonge-sa-duree-jusquen-septembre-2026\/\" \/>\n<meta property=\"og:locale\" content=\"fr_FR\" \/>\n<meta property=\"og:type\" content=\"article\" \/>\n<meta property=\"og:title\" content=\"Le projet COMDUR prolonge sa dur\u00e9e jusqu\u2019en septembre 2026 afin de renforcer ses r\u00e9sultats - Interreg | Comdur\" \/>\n<meta property=\"og:url\" content=\"https:\/\/interreg-comdur.eu\/fr\/le-projet-comdur-prolonge-sa-duree-jusquen-septembre-2026\/\" \/>\n<meta property=\"og:site_name\" content=\"Interreg | Comdur\" \/>\n<meta property=\"article:published_time\" content=\"2026-04-08T10:01:54+00:00\" \/>\n<meta property=\"article:modified_time\" content=\"2026-04-08T10:16:42+00:00\" \/>\n<meta property=\"og:image\" content=\"https:\/\/interreg-comdur.eu\/wp-content\/uploads\/2026\/04\/COMDUR-se-prorroga-hasta-el-30-de-septiembre-1.png\" \/>\n\t<meta property=\"og:image:width\" content=\"1200\" \/>\n\t<meta property=\"og:image:height\" content=\"627\" \/>\n\t<meta property=\"og:image:type\" content=\"image\/png\" \/>\n<meta name=\"author\" content=\"Beatriz Gonz\u00e1lez Amandi\" \/>\n<meta name=\"twitter:card\" content=\"summary_large_image\" \/>\n<meta name=\"twitter:label1\" content=\"\u00c9crit par\" \/>\n\t<meta name=\"twitter:data1\" content=\"Beatriz Gonz\u00e1lez Amandi\" \/>\n\t<meta name=\"twitter:label2\" content=\"Dur\u00e9e de lecture estim\u00e9e\" \/>\n\t<meta name=\"twitter:data2\" content=\"2 minutes\" \/>\n<script type=\"application\/ld+json\" class=\"yoast-schema-graph\">{\"@context\":\"https:\\\/\\\/schema.org\",\"@graph\":[{\"@type\":\"Article\",\"@id\":\"https:\\\/\\\/interreg-comdur.eu\\\/fr\\\/le-projet-comdur-prolonge-sa-duree-jusquen-septembre-2026\\\/#article\",\"isPartOf\":{\"@id\":\"https:\\\/\\\/interreg-comdur.eu\\\/fr\\\/le-projet-comdur-prolonge-sa-duree-jusquen-septembre-2026\\\/\"},\"author\":{\"name\":\"Beatriz Gonz\u00e1lez Amandi\",\"@id\":\"https:\\\/\\\/interreg-comdur.eu\\\/fr\\\/#\\\/schema\\\/person\\\/932685282b6d23f72e54a190481efa4f\"},\"headline\":\"Le projet COMDUR prolonge sa dur\u00e9e jusqu\u2019en septembre 2026 afin de renforcer ses r\u00e9sultats\",\"datePublished\":\"2026-04-08T10:01:54+00:00\",\"dateModified\":\"2026-04-08T10:16:42+00:00\",\"mainEntityOfPage\":{\"@id\":\"https:\\\/\\\/interreg-comdur.eu\\\/fr\\\/le-projet-comdur-prolonge-sa-duree-jusquen-septembre-2026\\\/\"},\"wordCount\":468,\"image\":{\"@id\":\"https:\\\/\\\/interreg-comdur.eu\\\/fr\\\/le-projet-comdur-prolonge-sa-duree-jusquen-septembre-2026\\\/#primaryimage\"},\"thumbnailUrl\":\"https:\\\/\\\/interreg-comdur.eu\\\/wp-content\\\/uploads\\\/2026\\\/04\\\/COMDUR-se-prorroga-hasta-el-30-de-septiembre-1.png\",\"articleSection\":[\"News\"],\"inLanguage\":\"fr-FR\"},{\"@type\":\"WebPage\",\"@id\":\"https:\\\/\\\/interreg-comdur.eu\\\/fr\\\/le-projet-comdur-prolonge-sa-duree-jusquen-septembre-2026\\\/\",\"url\":\"https:\\\/\\\/interreg-comdur.eu\\\/fr\\\/le-projet-comdur-prolonge-sa-duree-jusquen-septembre-2026\\\/\",\"name\":\"Le projet COMDUR prolonge sa dur\u00e9e jusqu\u2019en septembre 2026 afin de renforcer ses r\u00e9sultats - Interreg | Comdur\",\"isPartOf\":{\"@id\":\"https:\\\/\\\/interreg-comdur.eu\\\/fr\\\/#website\"},\"primaryImageOfPage\":{\"@id\":\"https:\\\/\\\/interreg-comdur.eu\\\/fr\\\/le-projet-comdur-prolonge-sa-duree-jusquen-septembre-2026\\\/#primaryimage\"},\"image\":{\"@id\":\"https:\\\/\\\/interreg-comdur.eu\\\/fr\\\/le-projet-comdur-prolonge-sa-duree-jusquen-septembre-2026\\\/#primaryimage\"},\"thumbnailUrl\":\"https:\\\/\\\/interreg-comdur.eu\\\/wp-content\\\/uploads\\\/2026\\\/04\\\/COMDUR-se-prorroga-hasta-el-30-de-septiembre-1.png\",\"datePublished\":\"2026-04-08T10:01:54+00:00\",\"dateModified\":\"2026-04-08T10:16:42+00:00\",\"author\":{\"@id\":\"https:\\\/\\\/interreg-comdur.eu\\\/fr\\\/#\\\/schema\\\/person\\\/932685282b6d23f72e54a190481efa4f\"},\"breadcrumb\":{\"@id\":\"https:\\\/\\\/interreg-comdur.eu\\\/fr\\\/le-projet-comdur-prolonge-sa-duree-jusquen-septembre-2026\\\/#breadcrumb\"},\"inLanguage\":\"fr-FR\",\"potentialAction\":[{\"@type\":\"ReadAction\",\"target\":[\"https:\\\/\\\/interreg-comdur.eu\\\/fr\\\/le-projet-comdur-prolonge-sa-duree-jusquen-septembre-2026\\\/\"]}]},{\"@type\":\"ImageObject\",\"inLanguage\":\"fr-FR\",\"@id\":\"https:\\\/\\\/interreg-comdur.eu\\\/fr\\\/le-projet-comdur-prolonge-sa-duree-jusquen-septembre-2026\\\/#primaryimage\",\"url\":\"https:\\\/\\\/interreg-comdur.eu\\\/wp-content\\\/uploads\\\/2026\\\/04\\\/COMDUR-se-prorroga-hasta-el-30-de-septiembre-1.png\",\"contentUrl\":\"https:\\\/\\\/interreg-comdur.eu\\\/wp-content\\\/uploads\\\/2026\\\/04\\\/COMDUR-se-prorroga-hasta-el-30-de-septiembre-1.png\",\"width\":1200,\"height\":627},{\"@type\":\"BreadcrumbList\",\"@id\":\"https:\\\/\\\/interreg-comdur.eu\\\/fr\\\/le-projet-comdur-prolonge-sa-duree-jusquen-septembre-2026\\\/#breadcrumb\",\"itemListElement\":[{\"@type\":\"ListItem\",\"position\":1,\"name\":\"Portada\",\"item\":\"https:\\\/\\\/interreg-comdur.eu\\\/fr\\\/\"},{\"@type\":\"ListItem\",\"position\":2,\"name\":\"Le projet COMDUR prolonge sa dur\u00e9e jusqu\u2019en septembre 2026 afin de renforcer ses r\u00e9sultats\"}]},{\"@type\":\"WebSite\",\"@id\":\"https:\\\/\\\/interreg-comdur.eu\\\/fr\\\/#website\",\"url\":\"https:\\\/\\\/interreg-comdur.eu\\\/fr\\\/\",\"name\":\"Interreg | Comdur\",\"description\":\"Interreg | Comdur\",\"potentialAction\":[{\"@type\":\"SearchAction\",\"target\":{\"@type\":\"EntryPoint\",\"urlTemplate\":\"https:\\\/\\\/interreg-comdur.eu\\\/fr\\\/?s={search_term_string}\"},\"query-input\":{\"@type\":\"PropertyValueSpecification\",\"valueRequired\":true,\"valueName\":\"search_term_string\"}}],\"inLanguage\":\"fr-FR\"},{\"@type\":\"Person\",\"@id\":\"https:\\\/\\\/interreg-comdur.eu\\\/fr\\\/#\\\/schema\\\/person\\\/932685282b6d23f72e54a190481efa4f\",\"name\":\"Beatriz Gonz\u00e1lez Amandi\",\"image\":{\"@type\":\"ImageObject\",\"inLanguage\":\"fr-FR\",\"@id\":\"https:\\\/\\\/secure.gravatar.com\\\/avatar\\\/f885571afcf2972f981b19275f51214d8d54ef89962ad79414d454f4d4aa7ddf?s=96&d=mm&r=g\",\"url\":\"https:\\\/\\\/secure.gravatar.com\\\/avatar\\\/f885571afcf2972f981b19275f51214d8d54ef89962ad79414d454f4d4aa7ddf?s=96&d=mm&r=g\",\"contentUrl\":\"https:\\\/\\\/secure.gravatar.com\\\/avatar\\\/f885571afcf2972f981b19275f51214d8d54ef89962ad79414d454f4d4aa7ddf?s=96&d=mm&r=g\",\"caption\":\"Beatriz Gonz\u00e1lez Amandi\"},\"url\":\"https:\\\/\\\/interreg-comdur.eu\\\/fr\\\/author\\\/beatriz-gonzalez-amandi\\\/\"}]}<\/script>\n<!-- \/ Yoast SEO plugin. -->","yoast_head_json":{"title":"Le projet COMDUR prolonge sa dur\u00e9e jusqu\u2019en septembre 2026 afin de renforcer ses r\u00e9sultats - Interreg | Comdur","robots":{"index":"index","follow":"follow","max-snippet":"max-snippet:-1","max-image-preview":"max-image-preview:large","max-video-preview":"max-video-preview:-1"},"canonical":"https:\/\/interreg-comdur.eu\/fr\/le-projet-comdur-prolonge-sa-duree-jusquen-septembre-2026\/","og_locale":"fr_FR","og_type":"article","og_title":"Le projet COMDUR prolonge sa dur\u00e9e jusqu\u2019en septembre 2026 afin de renforcer ses r\u00e9sultats - Interreg | Comdur","og_url":"https:\/\/interreg-comdur.eu\/fr\/le-projet-comdur-prolonge-sa-duree-jusquen-septembre-2026\/","og_site_name":"Interreg | Comdur","article_published_time":"2026-04-08T10:01:54+00:00","article_modified_time":"2026-04-08T10:16:42+00:00","og_image":[{"width":1200,"height":627,"url":"https:\/\/interreg-comdur.eu\/wp-content\/uploads\/2026\/04\/COMDUR-se-prorroga-hasta-el-30-de-septiembre-1.png","type":"image\/png"}],"author":"Beatriz Gonz\u00e1lez Amandi","twitter_card":"summary_large_image","twitter_misc":{"\u00c9crit par":"Beatriz Gonz\u00e1lez Amandi","Dur\u00e9e de lecture estim\u00e9e":"2 minutes"},"schema":{"@context":"https:\/\/schema.org","@graph":[{"@type":"Article","@id":"https:\/\/interreg-comdur.eu\/fr\/le-projet-comdur-prolonge-sa-duree-jusquen-septembre-2026\/#article","isPartOf":{"@id":"https:\/\/interreg-comdur.eu\/fr\/le-projet-comdur-prolonge-sa-duree-jusquen-septembre-2026\/"},"author":{"name":"Beatriz Gonz\u00e1lez Amandi","@id":"https:\/\/interreg-comdur.eu\/fr\/#\/schema\/person\/932685282b6d23f72e54a190481efa4f"},"headline":"Le projet COMDUR prolonge sa dur\u00e9e jusqu\u2019en septembre 2026 afin de renforcer ses r\u00e9sultats","datePublished":"2026-04-08T10:01:54+00:00","dateModified":"2026-04-08T10:16:42+00:00","mainEntityOfPage":{"@id":"https:\/\/interreg-comdur.eu\/fr\/le-projet-comdur-prolonge-sa-duree-jusquen-septembre-2026\/"},"wordCount":468,"image":{"@id":"https:\/\/interreg-comdur.eu\/fr\/le-projet-comdur-prolonge-sa-duree-jusquen-septembre-2026\/#primaryimage"},"thumbnailUrl":"https:\/\/interreg-comdur.eu\/wp-content\/uploads\/2026\/04\/COMDUR-se-prorroga-hasta-el-30-de-septiembre-1.png","articleSection":["News"],"inLanguage":"fr-FR"},{"@type":"WebPage","@id":"https:\/\/interreg-comdur.eu\/fr\/le-projet-comdur-prolonge-sa-duree-jusquen-septembre-2026\/","url":"https:\/\/interreg-comdur.eu\/fr\/le-projet-comdur-prolonge-sa-duree-jusquen-septembre-2026\/","name":"Le projet COMDUR prolonge sa dur\u00e9e jusqu\u2019en septembre 2026 afin de renforcer ses r\u00e9sultats - Interreg | Comdur","isPartOf":{"@id":"https:\/\/interreg-comdur.eu\/fr\/#website"},"primaryImageOfPage":{"@id":"https:\/\/interreg-comdur.eu\/fr\/le-projet-comdur-prolonge-sa-duree-jusquen-septembre-2026\/#primaryimage"},"image":{"@id":"https:\/\/interreg-comdur.eu\/fr\/le-projet-comdur-prolonge-sa-duree-jusquen-septembre-2026\/#primaryimage"},"thumbnailUrl":"https:\/\/interreg-comdur.eu\/wp-content\/uploads\/2026\/04\/COMDUR-se-prorroga-hasta-el-30-de-septiembre-1.png","datePublished":"2026-04-08T10:01:54+00:00","dateModified":"2026-04-08T10:16:42+00:00","author":{"@id":"https:\/\/interreg-comdur.eu\/fr\/#\/schema\/person\/932685282b6d23f72e54a190481efa4f"},"breadcrumb":{"@id":"https:\/\/interreg-comdur.eu\/fr\/le-projet-comdur-prolonge-sa-duree-jusquen-septembre-2026\/#breadcrumb"},"inLanguage":"fr-FR","potentialAction":[{"@type":"ReadAction","target":["https:\/\/interreg-comdur.eu\/fr\/le-projet-comdur-prolonge-sa-duree-jusquen-septembre-2026\/"]}]},{"@type":"ImageObject","inLanguage":"fr-FR","@id":"https:\/\/interreg-comdur.eu\/fr\/le-projet-comdur-prolonge-sa-duree-jusquen-septembre-2026\/#primaryimage","url":"https:\/\/interreg-comdur.eu\/wp-content\/uploads\/2026\/04\/COMDUR-se-prorroga-hasta-el-30-de-septiembre-1.png","contentUrl":"https:\/\/interreg-comdur.eu\/wp-content\/uploads\/2026\/04\/COMDUR-se-prorroga-hasta-el-30-de-septiembre-1.png","width":1200,"height":627},{"@type":"BreadcrumbList","@id":"https:\/\/interreg-comdur.eu\/fr\/le-projet-comdur-prolonge-sa-duree-jusquen-septembre-2026\/#breadcrumb","itemListElement":[{"@type":"ListItem","position":1,"name":"Portada","item":"https:\/\/interreg-comdur.eu\/fr\/"},{"@type":"ListItem","position":2,"name":"Le projet COMDUR prolonge sa dur\u00e9e jusqu\u2019en septembre 2026 afin de renforcer ses r\u00e9sultats"}]},{"@type":"WebSite","@id":"https:\/\/interreg-comdur.eu\/fr\/#website","url":"https:\/\/interreg-comdur.eu\/fr\/","name":"Interreg | Comdur","description":"Interreg | Comdur","potentialAction":[{"@type":"SearchAction","target":{"@type":"EntryPoint","urlTemplate":"https:\/\/interreg-comdur.eu\/fr\/?s={search_term_string}"},"query-input":{"@type":"PropertyValueSpecification","valueRequired":true,"valueName":"search_term_string"}}],"inLanguage":"fr-FR"},{"@type":"Person","@id":"https:\/\/interreg-comdur.eu\/fr\/#\/schema\/person\/932685282b6d23f72e54a190481efa4f","name":"Beatriz Gonz\u00e1lez Amandi","image":{"@type":"ImageObject","inLanguage":"fr-FR","@id":"https:\/\/secure.gravatar.com\/avatar\/f885571afcf2972f981b19275f51214d8d54ef89962ad79414d454f4d4aa7ddf?s=96&d=mm&r=g","url":"https:\/\/secure.gravatar.com\/avatar\/f885571afcf2972f981b19275f51214d8d54ef89962ad79414d454f4d4aa7ddf?s=96&d=mm&r=g","contentUrl":"https:\/\/secure.gravatar.com\/avatar\/f885571afcf2972f981b19275f51214d8d54ef89962ad79414d454f4d4aa7ddf?s=96&d=mm&r=g","caption":"Beatriz Gonz\u00e1lez Amandi"},"url":"https:\/\/interreg-comdur.eu\/fr\/author\/beatriz-gonzalez-amandi\/"}]}},"_links":{"self":[{"href":"https:\/\/interreg-comdur.eu\/fr\/wp-json\/wp\/v2\/posts\/14773","targetHints":{"allow":["GET"]}}],"collection":[{"href":"https:\/\/interreg-comdur.eu\/fr\/wp-json\/wp\/v2\/posts"}],"about":[{"href":"https:\/\/interreg-comdur.eu\/fr\/wp-json\/wp\/v2\/types\/post"}],"author":[{"embeddable":true,"href":"https:\/\/interreg-comdur.eu\/fr\/wp-json\/wp\/v2\/users\/15"}],"replies":[{"embeddable":true,"href":"https:\/\/interreg-comdur.eu\/fr\/wp-json\/wp\/v2\/comments?post=14773"}],"version-history":[{"count":3,"href":"https:\/\/interreg-comdur.eu\/fr\/wp-json\/wp\/v2\/posts\/14773\/revisions"}],"predecessor-version":[{"id":14775,"href":"https:\/\/interreg-comdur.eu\/fr\/wp-json\/wp\/v2\/posts\/14773\/revisions\/14775"}],"wp:featuredmedia":[{"embeddable":true,"href":"https:\/\/interreg-comdur.eu\/fr\/wp-json\/wp\/v2\/media\/14776"}],"wp:attachment":[{"href":"https:\/\/interreg-comdur.eu\/fr\/wp-json\/wp\/v2\/media?parent=14773"}],"wp:term":[{"taxonomy":"category","embeddable":true,"href":"https:\/\/interreg-comdur.eu\/fr\/wp-json\/wp\/v2\/categories?post=14773"},{"taxonomy":"post_tag","embeddable":true,"href":"https:\/\/interreg-comdur.eu\/fr\/wp-json\/wp\/v2\/tags?post=14773"}],"curies":[{"name":"wp","href":"https:\/\/api.w.org\/{rel}","templated":true}]}}