{"id":14804,"date":"2026-04-14T11:32:39","date_gmt":"2026-04-14T11:32:39","guid":{"rendered":"https:\/\/interreg-comdur.eu\/?p=14804"},"modified":"2026-04-14T11:33:21","modified_gmt":"2026-04-14T11:33:21","slug":"chambre-commerce-industrie-pyrenees-orientales-presente-comdur-festival-musique-sacree","status":"publish","type":"post","link":"https:\/\/interreg-comdur.eu\/fr\/chambre-commerce-industrie-pyrenees-orientales-presente-comdur-festival-musique-sacree\/","title":{"rendered":"La Chambre de commerce et d\u2019industrie des Pyr\u00e9n\u00e9es-Orientales pr\u00e9sente COMDUR dans le cadre du Festival de musique sacr\u00e9e"},"content":{"rendered":"<div  class='avia-image-container  av-styling-    avia-builder-el-0  el_before_av_one_full  avia-builder-el-first  avia-align-center '  itemprop=\"image\" itemscope=\"itemscope\" itemtype=\"https:\/\/schema.org\/ImageObject\"  ><div class='avia-image-container-inner'><div class='avia-image-overlay-wrap'><img class='avia_image' src='https:\/\/interreg-comdur.eu\/wp-content\/uploads\/2026\/04\/Presentacion-Pirineos-1030x742.jpg' alt='' title='Presentaci\u00f3n Pirineos' height=\"742\" width=\"1030\"  itemprop=\"thumbnailUrl\"  \/><\/div><\/div><\/div>\n<div class=\"flex_column av_one_full  flex_column_div av-zero-column-padding first  avia-builder-el-1  el_after_av_image  avia-builder-el-last  \" style='border-radius:0px; '><section class=\"av_textblock_section \"  itemscope=\"itemscope\" itemtype=\"https:\/\/schema.org\/BlogPosting\" itemprop=\"blogPost\" ><div class='avia_textblock  '   itemprop=\"text\" ><p><strong>La Chambre de commerce et d\u2019industrie des Pyr\u00e9n\u00e9es-Orientales pr\u00e9sente COMDUR dans le cadre du Festival de musique sacr\u00e9e<\/strong><\/p>\n<p><em>Le projet europ\u00e9en se fait conna\u00eetre \u00e0 l\u2019occasion d\u2019une action conjointe au Couvent des Minimes, dans le cadre du 40e anniversaire du festival.<\/em><\/p>\n<p>La Chambre de commerce et d\u2019industrie des Pyr\u00e9n\u00e9es-Orientales (CCI des P.O.), aux c\u00f4t\u00e9s de la F\u00e9d\u00e9ration des associations de commer\u00e7ants des Pyr\u00e9n\u00e9es-Orientales (Fdac 66), a particip\u00e9 le vendredi 27 mars \u00e0 une action de promotion du projet europ\u00e9en COMDUR, organis\u00e9e au Couvent des Minimes dans le cadre du Festival de musique sacr\u00e9e.<\/p>\n<p>Au cours de la journ\u00e9e, un espace a \u00e9t\u00e9 install\u00e9 afin de pr\u00e9senter le projet COMDUR au public pr\u00e9sent et de mettre en valeur des initiatives li\u00e9es au commerce local et \u00e0 la durabilit\u00e9. Dans ce contexte, une action de collecte de bouchons en li\u00e8ge a \u00e9galement \u00e9t\u00e9 men\u00e9e, contribuant \u00e0 sensibiliser aux pratiques d\u2019\u00e9conomie circulaire et de gestion responsable des d\u00e9chets.<\/p>\n<p>Cette initiative s\u2019inscrit dans la collaboration entre le Festival de musique sacr\u00e9e, la Chambre de commerce et d\u2019industrie des Pyr\u00e9n\u00e9es-Orientales et la Fdac 66, renfor\u00e7ant le lien entre culture, territoire et d\u00e9veloppement durable.<\/p>\n<p>Le Festival de musique sacr\u00e9e c\u00e9l\u00e8bre cette ann\u00e9e son 40e anniversaire, s\u2019affirmant comme un \u00e9v\u00e9nement embl\u00e9matique qui conjugue excellence artistique, valorisation du patrimoine et accessibilit\u00e9 culturelle. La participation \u00e0 cet environnement a permis de donner de la visibilit\u00e9 au projet COMDUR dans un cadre de forte projection, en touchant des publics vari\u00e9s et en renfor\u00e7ant sa dimension sociale.<\/p>\n<p>\u00c0 travers des actions comme celle-ci, le projet COMDUR continue de progresser vers son objectif de promouvoir des pratiques durables et de soutenir le tissu commercial local, en int\u00e9grant innovation, sensibilisation et participation citoyenne.<\/p>\n<p><u>Projet Interreg POCTEFA, COMDUR (Commerce Durable).<\/u><\/p>\n<p>COMDUR (Commerce Durable) est un projet cofinanc\u00e9 par l\u2019Union europ\u00e9enne dans le cadre du programme Interreg VI-A Espagne-France-Andorre POCTEFA 2021-2027, qui encourage la durabilit\u00e9 dans le commerce local de l\u2019espace POCTEFA. Gr\u00e2ce \u00e0 COMDUR, 650 commerces (200 au Guipuscoa, 75 \u00e0 Pampelune, 100 \u00e0 Huesca, 20 \u00e0 Teruel, 50 \u00e0 Barcelone, 100 \u00e0 Toulouse et 105 dans les Pyr\u00e9n\u00e9es-Orientales) int\u00e9greront dans leur activit\u00e9 quotidienne des actions durables, am\u00e9liorant leur comp\u00e9titivit\u00e9 tout en r\u00e9duisant leur impact environnemental.<\/p>\n<p>L\u2019objectif de COMDUR est d\u2019accompagner les PME du commerce et leurs structures d\u2019appui (chambres, associations, services commerce des municipalit\u00e9s) vers des mod\u00e8les d\u2019entreprise o\u00f9 la durabilit\u00e9 est pleinement int\u00e9gr\u00e9e \u00e0 l\u2019activit\u00e9. Le projet entend y parvenir gr\u00e2ce \u00e0 une approche personnalis\u00e9e, \u00e9volutive et accompagn\u00e9e avec le secteur, adapt\u00e9e au niveau de maturit\u00e9 de chaque PME, au moyen d\u2019un diagnostic de situation suivi d\u2019un parcours personnalis\u00e9. L\u2019objectif est d\u2019agir sur la r\u00e9duction des d\u00e9chets, la promotion de la r\u00e9utilisation, du recyclage et de l\u2019usage de certains mat\u00e9riaux, la valorisation des produits km 0, la cr\u00e9ation de valeur tout au long du cycle de vie des produits, la mobilit\u00e9 douce et la consommation responsable.<\/p>\n<p>\u00c0 l\u2019issue du projet, une partie du secteur commercial des territoires partenaires devrait \u00eatre engag\u00e9e dans un processus de transformation ax\u00e9 sur les objectifs de d\u00e9veloppement durable (ODD), qui les rendra plus comp\u00e9titifs. La coop\u00e9ration transfrontali\u00e8re est fondamentale, car il existe une interd\u00e9pendance \u00e9conomique et commerciale.<\/p>\n<p><u>\u00a0<\/u><\/p>\n<\/div><\/section><\/div>\n","protected":false},"excerpt":{"rendered":"","protected":false},"author":15,"featured_media":14793,"comment_status":"closed","ping_status":"closed","sticky":false,"template":"","format":"standard","meta":{"footnotes":""},"categories":[137],"tags":[],"class_list":["post-14804","post","type-post","status-publish","format-standard","has-post-thumbnail","hentry","category-news-fr"],"yoast_head":"<!-- This site is optimized with the Yoast SEO plugin v27.4 - https:\/\/yoast.com\/product\/yoast-seo-wordpress\/ -->\n<title>La Chambre de commerce et d\u2019industrie des Pyr\u00e9n\u00e9es-Orientales pr\u00e9sente COMDUR dans le cadre du Festival de musique sacr\u00e9e - Interreg | Comdur<\/title>\n<meta name=\"robots\" content=\"index, follow, max-snippet:-1, max-image-preview:large, max-video-preview:-1\" \/>\n<link rel=\"canonical\" href=\"https:\/\/interreg-comdur.eu\/fr\/chambre-commerce-industrie-pyrenees-orientales-presente-comdur-festival-musique-sacree\/\" \/>\n<meta property=\"og:locale\" content=\"fr_FR\" \/>\n<meta property=\"og:type\" content=\"article\" \/>\n<meta property=\"og:title\" content=\"La Chambre de commerce et d\u2019industrie des Pyr\u00e9n\u00e9es-Orientales pr\u00e9sente COMDUR dans le cadre du Festival de musique sacr\u00e9e - Interreg | Comdur\" \/>\n<meta property=\"og:url\" content=\"https:\/\/interreg-comdur.eu\/fr\/chambre-commerce-industrie-pyrenees-orientales-presente-comdur-festival-musique-sacree\/\" \/>\n<meta property=\"og:site_name\" content=\"Interreg | Comdur\" \/>\n<meta property=\"article:published_time\" content=\"2026-04-14T11:32:39+00:00\" \/>\n<meta property=\"article:modified_time\" content=\"2026-04-14T11:33:21+00:00\" \/>\n<meta property=\"og:image\" content=\"https:\/\/interreg-comdur.eu\/wp-content\/uploads\/2026\/04\/Presentacion-Pirineos-scaled.jpg\" \/>\n\t<meta property=\"og:image:width\" content=\"1422\" \/>\n\t<meta property=\"og:image:height\" content=\"1024\" \/>\n\t<meta property=\"og:image:type\" content=\"image\/jpeg\" \/>\n<meta name=\"author\" content=\"Beatriz Gonz\u00e1lez Amandi\" \/>\n<meta name=\"twitter:card\" content=\"summary_large_image\" \/>\n<meta name=\"twitter:label1\" content=\"\u00c9crit par\" \/>\n\t<meta name=\"twitter:data1\" content=\"Beatriz Gonz\u00e1lez Amandi\" \/>\n\t<meta name=\"twitter:label2\" content=\"Dur\u00e9e de lecture estim\u00e9e\" \/>\n\t<meta name=\"twitter:data2\" content=\"3 minutes\" \/>\n<script type=\"application\/ld+json\" class=\"yoast-schema-graph\">{\"@context\":\"https:\\\/\\\/schema.org\",\"@graph\":[{\"@type\":\"Article\",\"@id\":\"https:\\\/\\\/interreg-comdur.eu\\\/fr\\\/chambre-commerce-industrie-pyrenees-orientales-presente-comdur-festival-musique-sacree\\\/#article\",\"isPartOf\":{\"@id\":\"https:\\\/\\\/interreg-comdur.eu\\\/fr\\\/chambre-commerce-industrie-pyrenees-orientales-presente-comdur-festival-musique-sacree\\\/\"},\"author\":{\"name\":\"Beatriz Gonz\u00e1lez Amandi\",\"@id\":\"https:\\\/\\\/interreg-comdur.eu\\\/fr\\\/#\\\/schema\\\/person\\\/932685282b6d23f72e54a190481efa4f\"},\"headline\":\"La Chambre de commerce et d\u2019industrie des Pyr\u00e9n\u00e9es-Orientales pr\u00e9sente COMDUR dans le cadre du Festival de musique sacr\u00e9e\",\"datePublished\":\"2026-04-14T11:32:39+00:00\",\"dateModified\":\"2026-04-14T11:33:21+00:00\",\"mainEntityOfPage\":{\"@id\":\"https:\\\/\\\/interreg-comdur.eu\\\/fr\\\/chambre-commerce-industrie-pyrenees-orientales-presente-comdur-festival-musique-sacree\\\/\"},\"wordCount\":830,\"image\":{\"@id\":\"https:\\\/\\\/interreg-comdur.eu\\\/fr\\\/chambre-commerce-industrie-pyrenees-orientales-presente-comdur-festival-musique-sacree\\\/#primaryimage\"},\"thumbnailUrl\":\"https:\\\/\\\/interreg-comdur.eu\\\/wp-content\\\/uploads\\\/2026\\\/04\\\/Presentacion-Pirineos-scaled.jpg\",\"articleSection\":[\"News\"],\"inLanguage\":\"fr-FR\"},{\"@type\":\"WebPage\",\"@id\":\"https:\\\/\\\/interreg-comdur.eu\\\/fr\\\/chambre-commerce-industrie-pyrenees-orientales-presente-comdur-festival-musique-sacree\\\/\",\"url\":\"https:\\\/\\\/interreg-comdur.eu\\\/fr\\\/chambre-commerce-industrie-pyrenees-orientales-presente-comdur-festival-musique-sacree\\\/\",\"name\":\"La Chambre de commerce et d\u2019industrie des Pyr\u00e9n\u00e9es-Orientales pr\u00e9sente COMDUR dans le cadre du Festival de musique sacr\u00e9e - Interreg | Comdur\",\"isPartOf\":{\"@id\":\"https:\\\/\\\/interreg-comdur.eu\\\/fr\\\/#website\"},\"primaryImageOfPage\":{\"@id\":\"https:\\\/\\\/interreg-comdur.eu\\\/fr\\\/chambre-commerce-industrie-pyrenees-orientales-presente-comdur-festival-musique-sacree\\\/#primaryimage\"},\"image\":{\"@id\":\"https:\\\/\\\/interreg-comdur.eu\\\/fr\\\/chambre-commerce-industrie-pyrenees-orientales-presente-comdur-festival-musique-sacree\\\/#primaryimage\"},\"thumbnailUrl\":\"https:\\\/\\\/interreg-comdur.eu\\\/wp-content\\\/uploads\\\/2026\\\/04\\\/Presentacion-Pirineos-scaled.jpg\",\"datePublished\":\"2026-04-14T11:32:39+00:00\",\"dateModified\":\"2026-04-14T11:33:21+00:00\",\"author\":{\"@id\":\"https:\\\/\\\/interreg-comdur.eu\\\/fr\\\/#\\\/schema\\\/person\\\/932685282b6d23f72e54a190481efa4f\"},\"breadcrumb\":{\"@id\":\"https:\\\/\\\/interreg-comdur.eu\\\/fr\\\/chambre-commerce-industrie-pyrenees-orientales-presente-comdur-festival-musique-sacree\\\/#breadcrumb\"},\"inLanguage\":\"fr-FR\",\"potentialAction\":[{\"@type\":\"ReadAction\",\"target\":[\"https:\\\/\\\/interreg-comdur.eu\\\/fr\\\/chambre-commerce-industrie-pyrenees-orientales-presente-comdur-festival-musique-sacree\\\/\"]}]},{\"@type\":\"ImageObject\",\"inLanguage\":\"fr-FR\",\"@id\":\"https:\\\/\\\/interreg-comdur.eu\\\/fr\\\/chambre-commerce-industrie-pyrenees-orientales-presente-comdur-festival-musique-sacree\\\/#primaryimage\",\"url\":\"https:\\\/\\\/interreg-comdur.eu\\\/wp-content\\\/uploads\\\/2026\\\/04\\\/Presentacion-Pirineos-scaled.jpg\",\"contentUrl\":\"https:\\\/\\\/interreg-comdur.eu\\\/wp-content\\\/uploads\\\/2026\\\/04\\\/Presentacion-Pirineos-scaled.jpg\",\"width\":1422,\"height\":1024},{\"@type\":\"BreadcrumbList\",\"@id\":\"https:\\\/\\\/interreg-comdur.eu\\\/fr\\\/chambre-commerce-industrie-pyrenees-orientales-presente-comdur-festival-musique-sacree\\\/#breadcrumb\",\"itemListElement\":[{\"@type\":\"ListItem\",\"position\":1,\"name\":\"Portada\",\"item\":\"https:\\\/\\\/interreg-comdur.eu\\\/fr\\\/\"},{\"@type\":\"ListItem\",\"position\":2,\"name\":\"La Chambre de commerce et d\u2019industrie des Pyr\u00e9n\u00e9es-Orientales pr\u00e9sente COMDUR dans le cadre du Festival de musique sacr\u00e9e\"}]},{\"@type\":\"WebSite\",\"@id\":\"https:\\\/\\\/interreg-comdur.eu\\\/fr\\\/#website\",\"url\":\"https:\\\/\\\/interreg-comdur.eu\\\/fr\\\/\",\"name\":\"Interreg | Comdur\",\"description\":\"Interreg | Comdur\",\"potentialAction\":[{\"@type\":\"SearchAction\",\"target\":{\"@type\":\"EntryPoint\",\"urlTemplate\":\"https:\\\/\\\/interreg-comdur.eu\\\/fr\\\/?s={search_term_string}\"},\"query-input\":{\"@type\":\"PropertyValueSpecification\",\"valueRequired\":true,\"valueName\":\"search_term_string\"}}],\"inLanguage\":\"fr-FR\"},{\"@type\":\"Person\",\"@id\":\"https:\\\/\\\/interreg-comdur.eu\\\/fr\\\/#\\\/schema\\\/person\\\/932685282b6d23f72e54a190481efa4f\",\"name\":\"Beatriz Gonz\u00e1lez Amandi\",\"image\":{\"@type\":\"ImageObject\",\"inLanguage\":\"fr-FR\",\"@id\":\"https:\\\/\\\/secure.gravatar.com\\\/avatar\\\/f885571afcf2972f981b19275f51214d8d54ef89962ad79414d454f4d4aa7ddf?s=96&d=mm&r=g\",\"url\":\"https:\\\/\\\/secure.gravatar.com\\\/avatar\\\/f885571afcf2972f981b19275f51214d8d54ef89962ad79414d454f4d4aa7ddf?s=96&d=mm&r=g\",\"contentUrl\":\"https:\\\/\\\/secure.gravatar.com\\\/avatar\\\/f885571afcf2972f981b19275f51214d8d54ef89962ad79414d454f4d4aa7ddf?s=96&d=mm&r=g\",\"caption\":\"Beatriz Gonz\u00e1lez Amandi\"},\"url\":\"https:\\\/\\\/interreg-comdur.eu\\\/fr\\\/author\\\/beatriz-gonzalez-amandi\\\/\"}]}<\/script>\n<!-- \/ Yoast SEO plugin. -->","yoast_head_json":{"title":"La Chambre de commerce et d\u2019industrie des Pyr\u00e9n\u00e9es-Orientales pr\u00e9sente COMDUR dans le cadre du Festival de musique sacr\u00e9e - Interreg | Comdur","robots":{"index":"index","follow":"follow","max-snippet":"max-snippet:-1","max-image-preview":"max-image-preview:large","max-video-preview":"max-video-preview:-1"},"canonical":"https:\/\/interreg-comdur.eu\/fr\/chambre-commerce-industrie-pyrenees-orientales-presente-comdur-festival-musique-sacree\/","og_locale":"fr_FR","og_type":"article","og_title":"La Chambre de commerce et d\u2019industrie des Pyr\u00e9n\u00e9es-Orientales pr\u00e9sente COMDUR dans le cadre du Festival de musique sacr\u00e9e - Interreg | Comdur","og_url":"https:\/\/interreg-comdur.eu\/fr\/chambre-commerce-industrie-pyrenees-orientales-presente-comdur-festival-musique-sacree\/","og_site_name":"Interreg | Comdur","article_published_time":"2026-04-14T11:32:39+00:00","article_modified_time":"2026-04-14T11:33:21+00:00","og_image":[{"width":1422,"height":1024,"url":"https:\/\/interreg-comdur.eu\/wp-content\/uploads\/2026\/04\/Presentacion-Pirineos-scaled.jpg","type":"image\/jpeg"}],"author":"Beatriz Gonz\u00e1lez Amandi","twitter_card":"summary_large_image","twitter_misc":{"\u00c9crit par":"Beatriz Gonz\u00e1lez Amandi","Dur\u00e9e de lecture estim\u00e9e":"3 minutes"},"schema":{"@context":"https:\/\/schema.org","@graph":[{"@type":"Article","@id":"https:\/\/interreg-comdur.eu\/fr\/chambre-commerce-industrie-pyrenees-orientales-presente-comdur-festival-musique-sacree\/#article","isPartOf":{"@id":"https:\/\/interreg-comdur.eu\/fr\/chambre-commerce-industrie-pyrenees-orientales-presente-comdur-festival-musique-sacree\/"},"author":{"name":"Beatriz Gonz\u00e1lez Amandi","@id":"https:\/\/interreg-comdur.eu\/fr\/#\/schema\/person\/932685282b6d23f72e54a190481efa4f"},"headline":"La Chambre de commerce et d\u2019industrie des Pyr\u00e9n\u00e9es-Orientales pr\u00e9sente COMDUR dans le cadre du Festival de musique sacr\u00e9e","datePublished":"2026-04-14T11:32:39+00:00","dateModified":"2026-04-14T11:33:21+00:00","mainEntityOfPage":{"@id":"https:\/\/interreg-comdur.eu\/fr\/chambre-commerce-industrie-pyrenees-orientales-presente-comdur-festival-musique-sacree\/"},"wordCount":830,"image":{"@id":"https:\/\/interreg-comdur.eu\/fr\/chambre-commerce-industrie-pyrenees-orientales-presente-comdur-festival-musique-sacree\/#primaryimage"},"thumbnailUrl":"https:\/\/interreg-comdur.eu\/wp-content\/uploads\/2026\/04\/Presentacion-Pirineos-scaled.jpg","articleSection":["News"],"inLanguage":"fr-FR"},{"@type":"WebPage","@id":"https:\/\/interreg-comdur.eu\/fr\/chambre-commerce-industrie-pyrenees-orientales-presente-comdur-festival-musique-sacree\/","url":"https:\/\/interreg-comdur.eu\/fr\/chambre-commerce-industrie-pyrenees-orientales-presente-comdur-festival-musique-sacree\/","name":"La Chambre de commerce et d\u2019industrie des Pyr\u00e9n\u00e9es-Orientales pr\u00e9sente COMDUR dans le cadre du Festival de musique sacr\u00e9e - Interreg | Comdur","isPartOf":{"@id":"https:\/\/interreg-comdur.eu\/fr\/#website"},"primaryImageOfPage":{"@id":"https:\/\/interreg-comdur.eu\/fr\/chambre-commerce-industrie-pyrenees-orientales-presente-comdur-festival-musique-sacree\/#primaryimage"},"image":{"@id":"https:\/\/interreg-comdur.eu\/fr\/chambre-commerce-industrie-pyrenees-orientales-presente-comdur-festival-musique-sacree\/#primaryimage"},"thumbnailUrl":"https:\/\/interreg-comdur.eu\/wp-content\/uploads\/2026\/04\/Presentacion-Pirineos-scaled.jpg","datePublished":"2026-04-14T11:32:39+00:00","dateModified":"2026-04-14T11:33:21+00:00","author":{"@id":"https:\/\/interreg-comdur.eu\/fr\/#\/schema\/person\/932685282b6d23f72e54a190481efa4f"},"breadcrumb":{"@id":"https:\/\/interreg-comdur.eu\/fr\/chambre-commerce-industrie-pyrenees-orientales-presente-comdur-festival-musique-sacree\/#breadcrumb"},"inLanguage":"fr-FR","potentialAction":[{"@type":"ReadAction","target":["https:\/\/interreg-comdur.eu\/fr\/chambre-commerce-industrie-pyrenees-orientales-presente-comdur-festival-musique-sacree\/"]}]},{"@type":"ImageObject","inLanguage":"fr-FR","@id":"https:\/\/interreg-comdur.eu\/fr\/chambre-commerce-industrie-pyrenees-orientales-presente-comdur-festival-musique-sacree\/#primaryimage","url":"https:\/\/interreg-comdur.eu\/wp-content\/uploads\/2026\/04\/Presentacion-Pirineos-scaled.jpg","contentUrl":"https:\/\/interreg-comdur.eu\/wp-content\/uploads\/2026\/04\/Presentacion-Pirineos-scaled.jpg","width":1422,"height":1024},{"@type":"BreadcrumbList","@id":"https:\/\/interreg-comdur.eu\/fr\/chambre-commerce-industrie-pyrenees-orientales-presente-comdur-festival-musique-sacree\/#breadcrumb","itemListElement":[{"@type":"ListItem","position":1,"name":"Portada","item":"https:\/\/interreg-comdur.eu\/fr\/"},{"@type":"ListItem","position":2,"name":"La Chambre de commerce et d\u2019industrie des Pyr\u00e9n\u00e9es-Orientales pr\u00e9sente COMDUR dans le cadre du Festival de musique sacr\u00e9e"}]},{"@type":"WebSite","@id":"https:\/\/interreg-comdur.eu\/fr\/#website","url":"https:\/\/interreg-comdur.eu\/fr\/","name":"Interreg | Comdur","description":"Interreg | Comdur","potentialAction":[{"@type":"SearchAction","target":{"@type":"EntryPoint","urlTemplate":"https:\/\/interreg-comdur.eu\/fr\/?s={search_term_string}"},"query-input":{"@type":"PropertyValueSpecification","valueRequired":true,"valueName":"search_term_string"}}],"inLanguage":"fr-FR"},{"@type":"Person","@id":"https:\/\/interreg-comdur.eu\/fr\/#\/schema\/person\/932685282b6d23f72e54a190481efa4f","name":"Beatriz Gonz\u00e1lez Amandi","image":{"@type":"ImageObject","inLanguage":"fr-FR","@id":"https:\/\/secure.gravatar.com\/avatar\/f885571afcf2972f981b19275f51214d8d54ef89962ad79414d454f4d4aa7ddf?s=96&d=mm&r=g","url":"https:\/\/secure.gravatar.com\/avatar\/f885571afcf2972f981b19275f51214d8d54ef89962ad79414d454f4d4aa7ddf?s=96&d=mm&r=g","contentUrl":"https:\/\/secure.gravatar.com\/avatar\/f885571afcf2972f981b19275f51214d8d54ef89962ad79414d454f4d4aa7ddf?s=96&d=mm&r=g","caption":"Beatriz Gonz\u00e1lez Amandi"},"url":"https:\/\/interreg-comdur.eu\/fr\/author\/beatriz-gonzalez-amandi\/"}]}},"_links":{"self":[{"href":"https:\/\/interreg-comdur.eu\/fr\/wp-json\/wp\/v2\/posts\/14804","targetHints":{"allow":["GET"]}}],"collection":[{"href":"https:\/\/interreg-comdur.eu\/fr\/wp-json\/wp\/v2\/posts"}],"about":[{"href":"https:\/\/interreg-comdur.eu\/fr\/wp-json\/wp\/v2\/types\/post"}],"author":[{"embeddable":true,"href":"https:\/\/interreg-comdur.eu\/fr\/wp-json\/wp\/v2\/users\/15"}],"replies":[{"embeddable":true,"href":"https:\/\/interreg-comdur.eu\/fr\/wp-json\/wp\/v2\/comments?post=14804"}],"version-history":[{"count":2,"href":"https:\/\/interreg-comdur.eu\/fr\/wp-json\/wp\/v2\/posts\/14804\/revisions"}],"predecessor-version":[{"id":14806,"href":"https:\/\/interreg-comdur.eu\/fr\/wp-json\/wp\/v2\/posts\/14804\/revisions\/14806"}],"wp:featuredmedia":[{"embeddable":true,"href":"https:\/\/interreg-comdur.eu\/fr\/wp-json\/wp\/v2\/media\/14793"}],"wp:attachment":[{"href":"https:\/\/interreg-comdur.eu\/fr\/wp-json\/wp\/v2\/media?parent=14804"}],"wp:term":[{"taxonomy":"category","embeddable":true,"href":"https:\/\/interreg-comdur.eu\/fr\/wp-json\/wp\/v2\/categories?post=14804"},{"taxonomy":"post_tag","embeddable":true,"href":"https:\/\/interreg-comdur.eu\/fr\/wp-json\/wp\/v2\/tags?post=14804"}],"curies":[{"name":"wp","href":"https:\/\/api.w.org\/{rel}","templated":true}]}}