{"id":14816,"date":"2026-04-16T10:45:11","date_gmt":"2026-04-16T10:45:11","guid":{"rendered":"https:\/\/interreg-comdur.eu\/?p=14816"},"modified":"2026-04-16T10:52:41","modified_gmt":"2026-04-16T10:52:41","slug":"autodiagnostics-permettent-projet-comdur-analyser-degre-durabilite-commerce-local-espace-transfrontalier","status":"publish","type":"post","link":"https:\/\/interreg-comdur.eu\/fr\/autodiagnostics-permettent-projet-comdur-analyser-degre-durabilite-commerce-local-espace-transfrontalier\/","title":{"rendered":"Les autodiagnostics permettent au projet COMDUR d\u2019analyser le degr\u00e9 de durabilit\u00e9 du commerce local dans l\u2019espace transfrontalier"},"content":{"rendered":"<div  class='avia-image-container  av-styling-    avia-builder-el-0  el_before_av_one_full  avia-builder-el-first  avia-align-center '  itemprop=\"image\" itemscope=\"itemscope\" itemtype=\"https:\/\/schema.org\/ImageObject\"  ><div class='avia-image-container-inner'><div class='avia-image-overlay-wrap'><img class='avia_image' src='https:\/\/interreg-comdur.eu\/wp-content\/uploads\/2026\/04\/indicadores-rendimiento-1030x742.jpg' alt='' title='indicadores rendimiento' height=\"742\" width=\"1030\"  itemprop=\"thumbnailUrl\"  \/><\/div><\/div><\/div>\n<div class=\"flex_column av_one_full  flex_column_div av-zero-column-padding first  avia-builder-el-1  el_after_av_image  avia-builder-el-last  \" style='border-radius:0px; '><section class=\"av_textblock_section \"  itemscope=\"itemscope\" itemtype=\"https:\/\/schema.org\/BlogPosting\" itemprop=\"blogPost\" ><div class='avia_textblock  '   itemprop=\"text\" ><p><strong>Les autodiagnostics permettent au projet COMDUR d\u2019analyser le degr\u00e9 de durabilit\u00e9 du commerce local dans l\u2019espace transfrontalier<\/strong><\/p>\n<p><em>L\u2019extension du projet renforce la coop\u00e9ration transfrontali\u00e8re et \u00e9largit la port\u00e9e de ses r\u00e9sultats.<\/em><\/p>\n<p>Le projet europ\u00e9en COMDUR \u2013 Comercio Durable, financ\u00e9 par le programme Interreg POCTEFA, a analys\u00e9 un total de 294 r\u00e9ponses recueillies \u00e0 travers ses parcours d\u2019autodiagnostic destin\u00e9s au commerce local, ce qui permet d\u2019obtenir une radiographie du degr\u00e9 de durabilit\u00e9 du secteur dans les territoires participants, avec une moyenne sup\u00e9rieure \u00e0 50 sur 100 dans l\u2019ensemble des volets. Ces diagnostics constituent des r\u00e9sultats partiels, puisque le projet continuera \u00e0 r\u00e9aliser des autodiagnostics jusqu\u2019en septembre 2026.<\/p>\n<p>Les autodiagnostics sont un outil qui permet de conna\u00eetre la durabilit\u00e9 d\u2019une entreprise en analysant diff\u00e9rents param\u00e8tres au moyen d\u2019un questionnaire. Celui-ci recense, entre autres, les processus qui font d\u2019un commerce un espace durable et rentable et fournit, en r\u00e9sultat, une \u00e9valuation ainsi qu\u2019un parcours recommand\u00e9 pour s\u2019am\u00e9liorer sur chacun des param\u00e8tres analys\u00e9s. Il s\u2019agit d\u2019un outil gratuit et confidentiel.<\/p>\n<p>Depuis le d\u00e9but du projet, de nombreux commerces se sont d\u00e9j\u00e0 soumis \u00e0 cette analyse et les r\u00e9sultats font appara\u00eetre une note moyenne globale de 65,28 sur 100, ce qui t\u00e9moigne d\u2019un niveau interm\u00e9diaire de d\u00e9veloppement et d\u2019une marge de progression significative. Parmi les domaines \u00e9valu\u00e9s, la gestion des d\u00e9chets se distingue positivement avec 74,03 points, s\u2019imposant comme le domaine le plus avanc\u00e9. La mobilit\u00e9 (70,82) et la logistique (68,27) affichent elles aussi des r\u00e9sultats positifs, tandis que l\u2019\u00e9nergie (64,66) et la gestion des personnes (65) se situent \u00e0 des niveaux interm\u00e9diaires. \u00c0 l\u2019inverse, les principaux d\u00e9fis se concentrent sur la consommation d\u2019eau (59,5) et les achats responsables (59,55).<\/p>\n<p><strong>R\u00e9sultats en Espagne<\/strong><\/p>\n<p>En Espagne, qui concentre 252 r\u00e9ponses, la note moyenne s\u2019\u00e9tablit \u00e0 64,54, en ligne avec la tendance g\u00e9n\u00e9rale. Les donn\u00e9es confirment les bonnes performances en mati\u00e8re de gestion des d\u00e9chets (73,93), notamment pour la r\u00e9utilisation des mat\u00e9riaux et la gestion d\u2019\u00e9l\u00e9ments tels que les ampoules, les piles ou le mat\u00e9riel informatique, m\u00eame si des pratiques comme la r\u00e9paration ou le don des surplus restent moins fr\u00e9quentes.<\/p>\n<p>Dans des domaines comme l\u2019\u00e9nergie et l\u2019eau, on observe une mise en \u0153uvre encore in\u00e9gale de mesures structurelles d\u2019efficacit\u00e9 et de contr\u00f4le de la consommation. La mobilit\u00e9 r\u00e9v\u00e8le des habitudes relativement durables, mais avec une implication limit\u00e9e des commerces pour faciliter des solutions \u00e0 leurs salari\u00e9s, tandis que la logistique montre des avanc\u00e9es partielles avec une marge d\u2019am\u00e9lioration en mati\u00e8re de crit\u00e8res durables, en particulier dans le commerce \u00e9lectronique.<\/p>\n<p>Les achats responsables restent l\u2019un des principaux d\u00e9fis, avec une attention limit\u00e9e port\u00e9e \u00e0 des aspects tels que l\u2019origine, la composition et la durabilit\u00e9 des produits et des fournisseurs. Parall\u00e8lement, un nombre important de r\u00e9pondants ont indiqu\u00e9 qu\u2019ils soutiennent des initiatives locales de d\u00e9veloppement durable et qu\u2019ils proposent des formations \u00e0 leurs salari\u00e9s afin d\u2019am\u00e9liorer leurs comp\u00e9tences. Dans l\u2019ensemble, les donn\u00e9es refl\u00e8tent des progr\u00e8s, mais encore avec un degr\u00e9 de d\u00e9veloppement in\u00e9gal.<\/p>\n<p><strong>R\u00e9sultats en France<\/strong><\/p>\n<p>En France, les r\u00e9sultats montrent un niveau de d\u00e9veloppement similaire, avec des avanc\u00e9es notables dans la gestion des d\u00e9chets (avec une moyenne de 73,93) et dans l\u2019\u00e9nergie (64,58), ainsi qu\u2019une plus forte mise en \u0153uvre de mesures dans des domaines comme la logistique et la mobilit\u00e9.<\/p>\n<p>\u00c0 cet \u00e9gard, on observe une pr\u00e9sence plus importante d\u2019infrastructures li\u00e9es \u00e0 la mobilit\u00e9 durable, m\u00eame si l\u2019implication directe des commerces reste variable. En logistique, des progr\u00e8s sont constat\u00e9s dans la gestion des emballages et des stocks, bien que des limites subsistent dans l\u2019adoption de solutions r\u00e9utilisables.<\/p>\n<p>Comme en Espagne, les achats responsables s\u2019affirment comme l\u2019un des principaux axes d\u2019am\u00e9lioration. Les acteurs fran\u00e7ais se distinguent par l\u2019attention particuli\u00e8re qu\u2019ils portent \u00e0 la composition des produits qu\u2019ils ach\u00e8tent, puisque 66 % des r\u00e9pondants d\u00e9clarent en tenir compte et 49 % indiquent accorder de l\u2019importance aux politiques de responsabilit\u00e9 sociale de leurs fournisseurs.<\/p>\n<p>En mati\u00e8re d\u2019exemplarit\u00e9, ils montrent une implication plus forte dans les initiatives locales, tout en disposant encore d\u2019une marge de progression pour renforcer la communication et la sensibilisation. En mati\u00e8re de gestion des personnes, des avanc\u00e9es sont constat\u00e9es en formation et en inclusion, bien que des d\u00e9fis structurels persistent.<\/p>\n<p>Dans l\u2019ensemble, ces r\u00e9sultats renforcent le r\u00f4le des parcours COMDUR en tant qu\u2019outil cl\u00e9 pour identifier les priorit\u00e9s et accompagner le commerce de proximit\u00e9 dans sa transition vers des mod\u00e8les plus durables, plus efficaces et plus inclusifs dans l\u2019espace transfrontalier.<\/p>\n<p><u>Projet Interreg POCTEFA, COMDUR (Commerce Durable).<\/u><\/p>\n<p>COMDUR (Commerce Durable) est un projet cofinanc\u00e9 par l\u2019Union europ\u00e9enne dans le cadre du programme Interreg VI-A Espagne-France-Andorre POCTEFA 2021-2027, qui encourage la durabilit\u00e9 dans le commerce local de l\u2019espace POCTEFA. Gr\u00e2ce \u00e0 COMDUR, 650 commerces (200 au Guipuscoa, 75 \u00e0 Pampelune, 100 \u00e0 Huesca, 20 \u00e0 Teruel, 50 \u00e0 Barcelone, 100 \u00e0 Toulouse et 105 dans les Pyr\u00e9n\u00e9es-Orientales) int\u00e9greront dans leur activit\u00e9 quotidienne des actions durables, am\u00e9liorant leur comp\u00e9titivit\u00e9 tout en r\u00e9duisant leur impact environnemental.<\/p>\n<p>L\u2019objectif de COMDUR est d\u2019accompagner les PME du commerce et leurs structures d\u2019appui (chambres, associations, services commerce des municipalit\u00e9s) vers des mod\u00e8les d\u2019entreprise o\u00f9 la durabilit\u00e9 est pleinement int\u00e9gr\u00e9e \u00e0 l\u2019activit\u00e9. Le projet entend y parvenir gr\u00e2ce \u00e0 une approche personnalis\u00e9e, \u00e9volutive et accompagn\u00e9e avec le secteur, adapt\u00e9e au niveau de maturit\u00e9 de chaque PME, au moyen d\u2019un diagnostic de situation suivi d\u2019un parcours personnalis\u00e9. L\u2019objectif est d\u2019agir sur la r\u00e9duction des d\u00e9chets, la promotion de la r\u00e9utilisation, du recyclage et de l\u2019usage de certains mat\u00e9riaux, la valorisation des produits km 0, la cr\u00e9ation de valeur tout au long du cycle de vie des produits, la mobilit\u00e9 douce et la consommation responsable.<\/p>\n<p>\u00c0 l\u2019issue du projet, une partie du secteur commercial des territoires partenaires devrait \u00eatre engag\u00e9e dans un processus de transformation ax\u00e9 sur les objectifs de d\u00e9veloppement durable (ODD), qui les rendra plus comp\u00e9titifs. La coop\u00e9ration transfrontali\u00e8re est fondamentale, car il existe une interd\u00e9pendance \u00e9conomique et commerciale.<\/p>\n<p><u>\u00a0<\/u><\/p>\n<\/div><\/section><\/div>\n","protected":false},"excerpt":{"rendered":"","protected":false},"author":15,"featured_media":14809,"comment_status":"closed","ping_status":"closed","sticky":false,"template":"","format":"standard","meta":{"footnotes":""},"categories":[137],"tags":[],"class_list":["post-14816","post","type-post","status-publish","format-standard","has-post-thumbnail","hentry","category-news-fr"],"yoast_head":"<!-- This site is optimized with the Yoast SEO plugin v27.4 - https:\/\/yoast.com\/product\/yoast-seo-wordpress\/ -->\n<title>Les autodiagnostics permettent au projet COMDUR d\u2019analyser le degr\u00e9 de durabilit\u00e9 du commerce local dans l\u2019espace transfrontalier - Interreg | Comdur<\/title>\n<meta name=\"robots\" content=\"index, follow, max-snippet:-1, max-image-preview:large, max-video-preview:-1\" \/>\n<link rel=\"canonical\" href=\"https:\/\/interreg-comdur.eu\/fr\/autodiagnostics-permettent-projet-comdur-analyser-degre-durabilite-commerce-local-espace-transfrontalier\/\" \/>\n<meta property=\"og:locale\" content=\"fr_FR\" \/>\n<meta property=\"og:type\" content=\"article\" \/>\n<meta property=\"og:title\" content=\"Les autodiagnostics permettent au projet COMDUR d\u2019analyser le degr\u00e9 de durabilit\u00e9 du commerce local dans l\u2019espace transfrontalier - Interreg | Comdur\" \/>\n<meta property=\"og:url\" content=\"https:\/\/interreg-comdur.eu\/fr\/autodiagnostics-permettent-projet-comdur-analyser-degre-durabilite-commerce-local-espace-transfrontalier\/\" \/>\n<meta property=\"og:site_name\" content=\"Interreg | Comdur\" \/>\n<meta property=\"article:published_time\" content=\"2026-04-16T10:45:11+00:00\" \/>\n<meta property=\"article:modified_time\" content=\"2026-04-16T10:52:41+00:00\" \/>\n<meta property=\"og:image\" content=\"https:\/\/interreg-comdur.eu\/wp-content\/uploads\/2026\/04\/indicadores-rendimiento-scaled.jpg\" \/>\n\t<meta property=\"og:image:width\" content=\"1422\" \/>\n\t<meta property=\"og:image:height\" content=\"1024\" \/>\n\t<meta property=\"og:image:type\" content=\"image\/jpeg\" \/>\n<meta name=\"author\" content=\"Beatriz Gonz\u00e1lez Amandi\" \/>\n<meta name=\"twitter:card\" content=\"summary_large_image\" \/>\n<meta name=\"twitter:label1\" content=\"\u00c9crit par\" \/>\n\t<meta name=\"twitter:data1\" content=\"Beatriz Gonz\u00e1lez Amandi\" \/>\n\t<meta name=\"twitter:label2\" content=\"Dur\u00e9e de lecture estim\u00e9e\" \/>\n\t<meta name=\"twitter:data2\" content=\"5 minutes\" \/>\n<script type=\"application\/ld+json\" class=\"yoast-schema-graph\">{\"@context\":\"https:\\\/\\\/schema.org\",\"@graph\":[{\"@type\":\"Article\",\"@id\":\"https:\\\/\\\/interreg-comdur.eu\\\/fr\\\/autodiagnostics-permettent-projet-comdur-analyser-degre-durabilite-commerce-local-espace-transfrontalier\\\/#article\",\"isPartOf\":{\"@id\":\"https:\\\/\\\/interreg-comdur.eu\\\/fr\\\/autodiagnostics-permettent-projet-comdur-analyser-degre-durabilite-commerce-local-espace-transfrontalier\\\/\"},\"author\":{\"name\":\"Beatriz Gonz\u00e1lez Amandi\",\"@id\":\"https:\\\/\\\/interreg-comdur.eu\\\/fr\\\/#\\\/schema\\\/person\\\/932685282b6d23f72e54a190481efa4f\"},\"headline\":\"Les autodiagnostics permettent au projet COMDUR d\u2019analyser le degr\u00e9 de durabilit\u00e9 du commerce local dans l\u2019espace transfrontalier\",\"datePublished\":\"2026-04-16T10:45:11+00:00\",\"dateModified\":\"2026-04-16T10:52:41+00:00\",\"mainEntityOfPage\":{\"@id\":\"https:\\\/\\\/interreg-comdur.eu\\\/fr\\\/autodiagnostics-permettent-projet-comdur-analyser-degre-durabilite-commerce-local-espace-transfrontalier\\\/\"},\"wordCount\":1337,\"image\":{\"@id\":\"https:\\\/\\\/interreg-comdur.eu\\\/fr\\\/autodiagnostics-permettent-projet-comdur-analyser-degre-durabilite-commerce-local-espace-transfrontalier\\\/#primaryimage\"},\"thumbnailUrl\":\"https:\\\/\\\/interreg-comdur.eu\\\/wp-content\\\/uploads\\\/2026\\\/04\\\/indicadores-rendimiento-scaled.jpg\",\"articleSection\":[\"News\"],\"inLanguage\":\"fr-FR\"},{\"@type\":\"WebPage\",\"@id\":\"https:\\\/\\\/interreg-comdur.eu\\\/fr\\\/autodiagnostics-permettent-projet-comdur-analyser-degre-durabilite-commerce-local-espace-transfrontalier\\\/\",\"url\":\"https:\\\/\\\/interreg-comdur.eu\\\/fr\\\/autodiagnostics-permettent-projet-comdur-analyser-degre-durabilite-commerce-local-espace-transfrontalier\\\/\",\"name\":\"Les autodiagnostics permettent au projet COMDUR d\u2019analyser le degr\u00e9 de durabilit\u00e9 du commerce local dans l\u2019espace transfrontalier - Interreg | Comdur\",\"isPartOf\":{\"@id\":\"https:\\\/\\\/interreg-comdur.eu\\\/fr\\\/#website\"},\"primaryImageOfPage\":{\"@id\":\"https:\\\/\\\/interreg-comdur.eu\\\/fr\\\/autodiagnostics-permettent-projet-comdur-analyser-degre-durabilite-commerce-local-espace-transfrontalier\\\/#primaryimage\"},\"image\":{\"@id\":\"https:\\\/\\\/interreg-comdur.eu\\\/fr\\\/autodiagnostics-permettent-projet-comdur-analyser-degre-durabilite-commerce-local-espace-transfrontalier\\\/#primaryimage\"},\"thumbnailUrl\":\"https:\\\/\\\/interreg-comdur.eu\\\/wp-content\\\/uploads\\\/2026\\\/04\\\/indicadores-rendimiento-scaled.jpg\",\"datePublished\":\"2026-04-16T10:45:11+00:00\",\"dateModified\":\"2026-04-16T10:52:41+00:00\",\"author\":{\"@id\":\"https:\\\/\\\/interreg-comdur.eu\\\/fr\\\/#\\\/schema\\\/person\\\/932685282b6d23f72e54a190481efa4f\"},\"breadcrumb\":{\"@id\":\"https:\\\/\\\/interreg-comdur.eu\\\/fr\\\/autodiagnostics-permettent-projet-comdur-analyser-degre-durabilite-commerce-local-espace-transfrontalier\\\/#breadcrumb\"},\"inLanguage\":\"fr-FR\",\"potentialAction\":[{\"@type\":\"ReadAction\",\"target\":[\"https:\\\/\\\/interreg-comdur.eu\\\/fr\\\/autodiagnostics-permettent-projet-comdur-analyser-degre-durabilite-commerce-local-espace-transfrontalier\\\/\"]}]},{\"@type\":\"ImageObject\",\"inLanguage\":\"fr-FR\",\"@id\":\"https:\\\/\\\/interreg-comdur.eu\\\/fr\\\/autodiagnostics-permettent-projet-comdur-analyser-degre-durabilite-commerce-local-espace-transfrontalier\\\/#primaryimage\",\"url\":\"https:\\\/\\\/interreg-comdur.eu\\\/wp-content\\\/uploads\\\/2026\\\/04\\\/indicadores-rendimiento-scaled.jpg\",\"contentUrl\":\"https:\\\/\\\/interreg-comdur.eu\\\/wp-content\\\/uploads\\\/2026\\\/04\\\/indicadores-rendimiento-scaled.jpg\",\"width\":1422,\"height\":1024},{\"@type\":\"BreadcrumbList\",\"@id\":\"https:\\\/\\\/interreg-comdur.eu\\\/fr\\\/autodiagnostics-permettent-projet-comdur-analyser-degre-durabilite-commerce-local-espace-transfrontalier\\\/#breadcrumb\",\"itemListElement\":[{\"@type\":\"ListItem\",\"position\":1,\"name\":\"Portada\",\"item\":\"https:\\\/\\\/interreg-comdur.eu\\\/fr\\\/\"},{\"@type\":\"ListItem\",\"position\":2,\"name\":\"Les autodiagnostics permettent au projet COMDUR d\u2019analyser le degr\u00e9 de durabilit\u00e9 du commerce local dans l\u2019espace transfrontalier\"}]},{\"@type\":\"WebSite\",\"@id\":\"https:\\\/\\\/interreg-comdur.eu\\\/fr\\\/#website\",\"url\":\"https:\\\/\\\/interreg-comdur.eu\\\/fr\\\/\",\"name\":\"Interreg | Comdur\",\"description\":\"Interreg | Comdur\",\"potentialAction\":[{\"@type\":\"SearchAction\",\"target\":{\"@type\":\"EntryPoint\",\"urlTemplate\":\"https:\\\/\\\/interreg-comdur.eu\\\/fr\\\/?s={search_term_string}\"},\"query-input\":{\"@type\":\"PropertyValueSpecification\",\"valueRequired\":true,\"valueName\":\"search_term_string\"}}],\"inLanguage\":\"fr-FR\"},{\"@type\":\"Person\",\"@id\":\"https:\\\/\\\/interreg-comdur.eu\\\/fr\\\/#\\\/schema\\\/person\\\/932685282b6d23f72e54a190481efa4f\",\"name\":\"Beatriz Gonz\u00e1lez Amandi\",\"image\":{\"@type\":\"ImageObject\",\"inLanguage\":\"fr-FR\",\"@id\":\"https:\\\/\\\/secure.gravatar.com\\\/avatar\\\/f885571afcf2972f981b19275f51214d8d54ef89962ad79414d454f4d4aa7ddf?s=96&d=mm&r=g\",\"url\":\"https:\\\/\\\/secure.gravatar.com\\\/avatar\\\/f885571afcf2972f981b19275f51214d8d54ef89962ad79414d454f4d4aa7ddf?s=96&d=mm&r=g\",\"contentUrl\":\"https:\\\/\\\/secure.gravatar.com\\\/avatar\\\/f885571afcf2972f981b19275f51214d8d54ef89962ad79414d454f4d4aa7ddf?s=96&d=mm&r=g\",\"caption\":\"Beatriz Gonz\u00e1lez Amandi\"},\"url\":\"https:\\\/\\\/interreg-comdur.eu\\\/fr\\\/author\\\/beatriz-gonzalez-amandi\\\/\"}]}<\/script>\n<!-- \/ Yoast SEO plugin. -->","yoast_head_json":{"title":"Les autodiagnostics permettent au projet COMDUR d\u2019analyser le degr\u00e9 de durabilit\u00e9 du commerce local dans l\u2019espace transfrontalier - Interreg | Comdur","robots":{"index":"index","follow":"follow","max-snippet":"max-snippet:-1","max-image-preview":"max-image-preview:large","max-video-preview":"max-video-preview:-1"},"canonical":"https:\/\/interreg-comdur.eu\/fr\/autodiagnostics-permettent-projet-comdur-analyser-degre-durabilite-commerce-local-espace-transfrontalier\/","og_locale":"fr_FR","og_type":"article","og_title":"Les autodiagnostics permettent au projet COMDUR d\u2019analyser le degr\u00e9 de durabilit\u00e9 du commerce local dans l\u2019espace transfrontalier - Interreg | Comdur","og_url":"https:\/\/interreg-comdur.eu\/fr\/autodiagnostics-permettent-projet-comdur-analyser-degre-durabilite-commerce-local-espace-transfrontalier\/","og_site_name":"Interreg | Comdur","article_published_time":"2026-04-16T10:45:11+00:00","article_modified_time":"2026-04-16T10:52:41+00:00","og_image":[{"width":1422,"height":1024,"url":"https:\/\/interreg-comdur.eu\/wp-content\/uploads\/2026\/04\/indicadores-rendimiento-scaled.jpg","type":"image\/jpeg"}],"author":"Beatriz Gonz\u00e1lez Amandi","twitter_card":"summary_large_image","twitter_misc":{"\u00c9crit par":"Beatriz Gonz\u00e1lez Amandi","Dur\u00e9e de lecture estim\u00e9e":"5 minutes"},"schema":{"@context":"https:\/\/schema.org","@graph":[{"@type":"Article","@id":"https:\/\/interreg-comdur.eu\/fr\/autodiagnostics-permettent-projet-comdur-analyser-degre-durabilite-commerce-local-espace-transfrontalier\/#article","isPartOf":{"@id":"https:\/\/interreg-comdur.eu\/fr\/autodiagnostics-permettent-projet-comdur-analyser-degre-durabilite-commerce-local-espace-transfrontalier\/"},"author":{"name":"Beatriz Gonz\u00e1lez Amandi","@id":"https:\/\/interreg-comdur.eu\/fr\/#\/schema\/person\/932685282b6d23f72e54a190481efa4f"},"headline":"Les autodiagnostics permettent au projet COMDUR d\u2019analyser le degr\u00e9 de durabilit\u00e9 du commerce local dans l\u2019espace transfrontalier","datePublished":"2026-04-16T10:45:11+00:00","dateModified":"2026-04-16T10:52:41+00:00","mainEntityOfPage":{"@id":"https:\/\/interreg-comdur.eu\/fr\/autodiagnostics-permettent-projet-comdur-analyser-degre-durabilite-commerce-local-espace-transfrontalier\/"},"wordCount":1337,"image":{"@id":"https:\/\/interreg-comdur.eu\/fr\/autodiagnostics-permettent-projet-comdur-analyser-degre-durabilite-commerce-local-espace-transfrontalier\/#primaryimage"},"thumbnailUrl":"https:\/\/interreg-comdur.eu\/wp-content\/uploads\/2026\/04\/indicadores-rendimiento-scaled.jpg","articleSection":["News"],"inLanguage":"fr-FR"},{"@type":"WebPage","@id":"https:\/\/interreg-comdur.eu\/fr\/autodiagnostics-permettent-projet-comdur-analyser-degre-durabilite-commerce-local-espace-transfrontalier\/","url":"https:\/\/interreg-comdur.eu\/fr\/autodiagnostics-permettent-projet-comdur-analyser-degre-durabilite-commerce-local-espace-transfrontalier\/","name":"Les autodiagnostics permettent au projet COMDUR d\u2019analyser le degr\u00e9 de durabilit\u00e9 du commerce local dans l\u2019espace transfrontalier - Interreg | Comdur","isPartOf":{"@id":"https:\/\/interreg-comdur.eu\/fr\/#website"},"primaryImageOfPage":{"@id":"https:\/\/interreg-comdur.eu\/fr\/autodiagnostics-permettent-projet-comdur-analyser-degre-durabilite-commerce-local-espace-transfrontalier\/#primaryimage"},"image":{"@id":"https:\/\/interreg-comdur.eu\/fr\/autodiagnostics-permettent-projet-comdur-analyser-degre-durabilite-commerce-local-espace-transfrontalier\/#primaryimage"},"thumbnailUrl":"https:\/\/interreg-comdur.eu\/wp-content\/uploads\/2026\/04\/indicadores-rendimiento-scaled.jpg","datePublished":"2026-04-16T10:45:11+00:00","dateModified":"2026-04-16T10:52:41+00:00","author":{"@id":"https:\/\/interreg-comdur.eu\/fr\/#\/schema\/person\/932685282b6d23f72e54a190481efa4f"},"breadcrumb":{"@id":"https:\/\/interreg-comdur.eu\/fr\/autodiagnostics-permettent-projet-comdur-analyser-degre-durabilite-commerce-local-espace-transfrontalier\/#breadcrumb"},"inLanguage":"fr-FR","potentialAction":[{"@type":"ReadAction","target":["https:\/\/interreg-comdur.eu\/fr\/autodiagnostics-permettent-projet-comdur-analyser-degre-durabilite-commerce-local-espace-transfrontalier\/"]}]},{"@type":"ImageObject","inLanguage":"fr-FR","@id":"https:\/\/interreg-comdur.eu\/fr\/autodiagnostics-permettent-projet-comdur-analyser-degre-durabilite-commerce-local-espace-transfrontalier\/#primaryimage","url":"https:\/\/interreg-comdur.eu\/wp-content\/uploads\/2026\/04\/indicadores-rendimiento-scaled.jpg","contentUrl":"https:\/\/interreg-comdur.eu\/wp-content\/uploads\/2026\/04\/indicadores-rendimiento-scaled.jpg","width":1422,"height":1024},{"@type":"BreadcrumbList","@id":"https:\/\/interreg-comdur.eu\/fr\/autodiagnostics-permettent-projet-comdur-analyser-degre-durabilite-commerce-local-espace-transfrontalier\/#breadcrumb","itemListElement":[{"@type":"ListItem","position":1,"name":"Portada","item":"https:\/\/interreg-comdur.eu\/fr\/"},{"@type":"ListItem","position":2,"name":"Les autodiagnostics permettent au projet COMDUR d\u2019analyser le degr\u00e9 de durabilit\u00e9 du commerce local dans l\u2019espace transfrontalier"}]},{"@type":"WebSite","@id":"https:\/\/interreg-comdur.eu\/fr\/#website","url":"https:\/\/interreg-comdur.eu\/fr\/","name":"Interreg | Comdur","description":"Interreg | Comdur","potentialAction":[{"@type":"SearchAction","target":{"@type":"EntryPoint","urlTemplate":"https:\/\/interreg-comdur.eu\/fr\/?s={search_term_string}"},"query-input":{"@type":"PropertyValueSpecification","valueRequired":true,"valueName":"search_term_string"}}],"inLanguage":"fr-FR"},{"@type":"Person","@id":"https:\/\/interreg-comdur.eu\/fr\/#\/schema\/person\/932685282b6d23f72e54a190481efa4f","name":"Beatriz Gonz\u00e1lez Amandi","image":{"@type":"ImageObject","inLanguage":"fr-FR","@id":"https:\/\/secure.gravatar.com\/avatar\/f885571afcf2972f981b19275f51214d8d54ef89962ad79414d454f4d4aa7ddf?s=96&d=mm&r=g","url":"https:\/\/secure.gravatar.com\/avatar\/f885571afcf2972f981b19275f51214d8d54ef89962ad79414d454f4d4aa7ddf?s=96&d=mm&r=g","contentUrl":"https:\/\/secure.gravatar.com\/avatar\/f885571afcf2972f981b19275f51214d8d54ef89962ad79414d454f4d4aa7ddf?s=96&d=mm&r=g","caption":"Beatriz Gonz\u00e1lez Amandi"},"url":"https:\/\/interreg-comdur.eu\/fr\/author\/beatriz-gonzalez-amandi\/"}]}},"_links":{"self":[{"href":"https:\/\/interreg-comdur.eu\/fr\/wp-json\/wp\/v2\/posts\/14816","targetHints":{"allow":["GET"]}}],"collection":[{"href":"https:\/\/interreg-comdur.eu\/fr\/wp-json\/wp\/v2\/posts"}],"about":[{"href":"https:\/\/interreg-comdur.eu\/fr\/wp-json\/wp\/v2\/types\/post"}],"author":[{"embeddable":true,"href":"https:\/\/interreg-comdur.eu\/fr\/wp-json\/wp\/v2\/users\/15"}],"replies":[{"embeddable":true,"href":"https:\/\/interreg-comdur.eu\/fr\/wp-json\/wp\/v2\/comments?post=14816"}],"version-history":[{"count":2,"href":"https:\/\/interreg-comdur.eu\/fr\/wp-json\/wp\/v2\/posts\/14816\/revisions"}],"predecessor-version":[{"id":14819,"href":"https:\/\/interreg-comdur.eu\/fr\/wp-json\/wp\/v2\/posts\/14816\/revisions\/14819"}],"wp:featuredmedia":[{"embeddable":true,"href":"https:\/\/interreg-comdur.eu\/fr\/wp-json\/wp\/v2\/media\/14809"}],"wp:attachment":[{"href":"https:\/\/interreg-comdur.eu\/fr\/wp-json\/wp\/v2\/media?parent=14816"}],"wp:term":[{"taxonomy":"category","embeddable":true,"href":"https:\/\/interreg-comdur.eu\/fr\/wp-json\/wp\/v2\/categories?post=14816"},{"taxonomy":"post_tag","embeddable":true,"href":"https:\/\/interreg-comdur.eu\/fr\/wp-json\/wp\/v2\/tags?post=14816"}],"curies":[{"name":"wp","href":"https:\/\/api.w.org\/{rel}","templated":true}]}}